{"id":14300,"date":"2024-02-27T12:29:44","date_gmt":"2024-02-27T11:29:44","guid":{"rendered":"https:\/\/agora.xtec.cat\/escolalavilapalamos\/?p=14300"},"modified":"2024-02-27T12:29:44","modified_gmt":"2024-02-27T11:29:44","slug":"a-6e-comencem-vela-escolar","status":"publish","type":"post","link":"https:\/\/agora.xtec.cat\/escolalavilapalamos\/general\/a-6e-comencem-vela-escolar\/","title":{"rendered":"A 6\u00e8 comencem Vela escolar"},"content":{"rendered":"<p>A partir del proper <strong>1 i 6<\/strong> de mar\u00e7 es comen\u00e7ar\u00e0 <strong><u>l\u2019activitat de vela escolar<\/u><\/strong>\u00a0pels alumnes de 6\u00e8, com cada any. L\u2019activitat es portar\u00e0 a terme\u00a0<strong><u>els dimecres\u00a0 al mat\u00ed<\/u><\/strong>\u00a0pels alumnes de\u00a0<strong><u>6\u00e8A<\/u><\/strong>\u00a0i\u00a0<strong><u>els divendres al mat\u00ed<\/u><\/strong>\u00a0pels alumnes de\u00a0<strong><u>6\u00e8B,<\/u><\/strong>\u00a0de\u00a0<strong>10:30h a 12h.<\/strong><\/p>\n<p>El curs consta\u00a0<strong>d\u2019onze<\/strong>\u00a0sessions per cadascun dels grups.<img loading=\"lazy\" decoding=\"async\" class=\"alignright\" src=\"https:\/\/lh3.googleusercontent.com\/aiJWzDCFFqOxakpxdQnzpCD7NKmQ_p5S05FwtVaErRyJKUOV4n_LFm1kxnnXiRkjwvJCUe8F_hAEVA96fTpP4U2dwLgLd5H48kS3MwFiPjI_S4SHyckYGv4yorxyjK40DkhhRiYqFWiOuohOt9ebKtNTiHsSxbsWieTuVlqzrSzYuB0kvvdwf6Sx-US8uby8_VY4kwJuUwSyriACoc_iq3K7-8pM-afzfB7g_94x-CsQKOQzDOxQs-DS1u7l5zH5pGb1voVWdyyGsUtiCaMZVZP2Q6TmO8iiE30dLdX3a3JgCgRCQ9FIsyHTbcEYTGshjKViDb0ZXKLTvDQen0jTW8vfoxq__yP61RmcYyc3m9nZmCP4ORu1Y8SXzDdDXxceNI7Y4gd_L-5wkAI6_pqxk1PWRG_4QcWkjRMxkTex5LeVhDJDDZOZLzfqCaZaiRKGH3hVxJAaK1Y_jXwGXaoyaIo6NANC6Ff05AJdQklndTUBInJbEbHVi15JSQEwZsWT3_rDntBeXkQXU24JhRWE85FVnmP1Dd9EIyGMyOEdgD9LQ2W9sMfcmRee5y_VMQ8jpQ-G8DvbJrdKa4LuSJMOAW19erFZkkWU7_ynAQ0a9i1k4fOM_YtNu90t22WxG_uTUl2TaiE4_YvzoO27SrJUKHir-2pni-8UGfrkmh7gcg=w1152-h648-no\" width=\"450\" height=\"253\" \/><\/p>\n<p>A l\u2019hora d\u2019acabar l\u2019activitat (12h) podran marxar sols cap a casa o els podeu recollir davant de la barrera del Club N\u00e0utic.<\/p>\n<p>L&#8217;alumnat que fa \u00fas del menjador retornar\u00e0 a l&#8217;escola acompanyat pel mestre responsable.<\/p>\n<p>&nbsp;<\/p>\n<p>&nbsp;<\/p>\n","protected":false},"excerpt":{"rendered":"<p>A partir del proper 1 i 6 de mar\u00e7 es comen\u00e7ar\u00e0 l\u2019activitat de vela escolar\u00a0pels alumnes de 6\u00e8, com cada any. L\u2019activitat es portar\u00e0 a terme\u00a0els dimecres\u00a0 al mat\u00ed\u00a0pels alumnes de\u00a06\u00e8A\u00a0i\u00a0els divendres al mat\u00ed\u00a0pels alumnes de\u00a06\u00e8B,\u00a0de\u00a010:30h a 12h.<br \/>\nEl curs consta\u00a0d\u2019onze\u00a0sessions per cadascun dels grups.<br \/>\nA l\u2019hora&hellip;  <a href=\"https:\/\/agora.xtec.cat\/escolalavilapalamos\/general\/a-6e-comencem-vela-escolar\/\" title=\"Read A 6\u00e8 comencem Vela escolar\">Llegeix m\u00e9s\u00bb<\/a><\/p>\n","protected":false},"author":167,"featured_media":0,"comment_status":"open","ping_status":"closed","sticky":false,"template":"","format":"standard","meta":{"_bbp_topic_count":0,"_bbp_reply_count":0,"_bbp_total_topic_count":0,"_bbp_total_reply_count":0,"_bbp_voice_count":0,"_bbp_anonymous_reply_count":0,"_bbp_topic_count_hidden":0,"_bbp_reply_count_hidden":0,"_bbp_forum_subforum_count":0,"footnotes":""},"categories":[15,128,70,67,1,4],"tags":[],"class_list":["post-14300","post","type-post","status-publish","format-standard","hentry","category-6e","category-comunitat-de-grans","category-efi","category-especialistes","category-general","category-portada"],"post_mailing_queue_ids":[],"_links":{"self":[{"href":"https:\/\/agora.xtec.cat\/escolalavilapalamos\/wp-json\/wp\/v2\/posts\/14300","targetHints":{"allow":["GET"]}}],"collection":[{"href":"https:\/\/agora.xtec.cat\/escolalavilapalamos\/wp-json\/wp\/v2\/posts"}],"about":[{"href":"https:\/\/agora.xtec.cat\/escolalavilapalamos\/wp-json\/wp\/v2\/types\/post"}],"author":[{"embeddable":true,"href":"https:\/\/agora.xtec.cat\/escolalavilapalamos\/wp-json\/wp\/v2\/users\/167"}],"replies":[{"embeddable":true,"href":"https:\/\/agora.xtec.cat\/escolalavilapalamos\/wp-json\/wp\/v2\/comments?post=14300"}],"version-history":[{"count":3,"href":"https:\/\/agora.xtec.cat\/escolalavilapalamos\/wp-json\/wp\/v2\/posts\/14300\/revisions"}],"predecessor-version":[{"id":14310,"href":"https:\/\/agora.xtec.cat\/escolalavilapalamos\/wp-json\/wp\/v2\/posts\/14300\/revisions\/14310"}],"wp:attachment":[{"href":"https:\/\/agora.xtec.cat\/escolalavilapalamos\/wp-json\/wp\/v2\/media?parent=14300"}],"wp:term":[{"taxonomy":"category","embeddable":true,"href":"https:\/\/agora.xtec.cat\/escolalavilapalamos\/wp-json\/wp\/v2\/categories?post=14300"},{"taxonomy":"post_tag","embeddable":true,"href":"https:\/\/agora.xtec.cat\/escolalavilapalamos\/wp-json\/wp\/v2\/tags?post=14300"}],"curies":[{"name":"wp","href":"https:\/\/api.w.org\/{rel}","templated":true}]}}