{"id":14271,"date":"2024-02-16T09:19:40","date_gmt":"2024-02-16T08:19:40","guid":{"rendered":"https:\/\/agora.xtec.cat\/escolalavilapalamos\/?p=14271"},"modified":"2024-02-16T09:21:55","modified_gmt":"2024-02-16T08:21:55","slug":"el-carnet-de-propostes-a-i4","status":"publish","type":"post","link":"https:\/\/agora.xtec.cat\/escolalavilapalamos\/general\/el-carnet-de-propostes-a-i4\/","title":{"rendered":"EL CARNET DE PROPOSTES A I4"},"content":{"rendered":"<p><b>EL CARNET DE PROPOSTES A I4<\/b><\/p>\n<p style=\"text-align: justify;\"><span style=\"font-weight: 400;\">A la comunitat de petits organitzem les aules de manera que afavoreixi el desenvolupament integral dels infants i respondre aix\u00ed a les seves necessitats fisiol\u00f2giques, de moviment, d\u2019autonomia, de socialitzaci\u00f3, de descoberta, d\u2019exploraci\u00f3,&#8230;\u00c9s per tot aix\u00f2 que apostem per una organitzaci\u00f3 de treball en <\/span><b>propostes d\u2019aula,<\/b><span style=\"font-weight: 400;\"> riques en quantitat i varietat d\u2019est\u00edmuls.<\/span><\/p>\n<p><span style=\"font-weight: 400;\">Les propostes permeten la llibertat dels infants, ja que escullen l\u2019activitat que volen portar a terme segons les seves necessitats i interessos. Aix\u00f2 fa que siguin m\u00e9s capa\u00e7os, aut\u00f2noms i responsables.<\/span><\/p>\n<p><span style=\"font-weight: 400;\">Concretament a I4, tenim les aules organitzades en 6 espais d\u2019aprenentatge: <\/span><span style=\"font-weight: 400;\">Llenguatge matem\u00e0tic, Lectoescriptura, Llenguatge art\u00edstic,\u00a0 Experimentaci\u00f3, Construccions i Taula de llum.\u00a0 \u00a0 \u00a0 \u00a0 \u00a0<\/span><\/p>\n<p><img loading=\"lazy\" decoding=\"async\" class=\"wp-image-14275 alignleft\" src=\"https:\/\/agora.xtec.cat\/escolalavilapalamos\/wp-content\/uploads\/usu897\/2024\/02\/IMG_20231011_151611-COLLAGE-768x1024.jpg\" alt=\"\" width=\"195\" height=\"260\" srcset=\"https:\/\/agora.xtec.cat\/escolalavilapalamos\/wp-content\/uploads\/usu897\/2024\/02\/IMG_20231011_151611-COLLAGE-768x1024.jpg 768w, https:\/\/agora.xtec.cat\/escolalavilapalamos\/wp-content\/uploads\/usu897\/2024\/02\/IMG_20231011_151611-COLLAGE-225x300.jpg 225w, https:\/\/agora.xtec.cat\/escolalavilapalamos\/wp-content\/uploads\/usu897\/2024\/02\/IMG_20231011_151611-COLLAGE-1152x1536.jpg 1152w, https:\/\/agora.xtec.cat\/escolalavilapalamos\/wp-content\/uploads\/usu897\/2024\/02\/IMG_20231011_151611-COLLAGE.jpg 1535w\" sizes=\"auto, (max-width: 195px) 100vw, 195px\" \/> <img loading=\"lazy\" decoding=\"async\" class=\" wp-image-14272 alignleft\" src=\"https:\/\/agora.xtec.cat\/escolalavilapalamos\/wp-content\/uploads\/usu897\/2024\/02\/IMG_20231009_224009-COLLAGE-1024x1024.jpg\" alt=\"\" width=\"263\" height=\"263\" srcset=\"https:\/\/agora.xtec.cat\/escolalavilapalamos\/wp-content\/uploads\/usu897\/2024\/02\/IMG_20231009_224009-COLLAGE-1024x1024.jpg 1024w, https:\/\/agora.xtec.cat\/escolalavilapalamos\/wp-content\/uploads\/usu897\/2024\/02\/IMG_20231009_224009-COLLAGE-300x300.jpg 300w, https:\/\/agora.xtec.cat\/escolalavilapalamos\/wp-content\/uploads\/usu897\/2024\/02\/IMG_20231009_224009-COLLAGE-150x150.jpg 150w, https:\/\/agora.xtec.cat\/escolalavilapalamos\/wp-content\/uploads\/usu897\/2024\/02\/IMG_20231009_224009-COLLAGE-768x768.jpg 768w, https:\/\/agora.xtec.cat\/escolalavilapalamos\/wp-content\/uploads\/usu897\/2024\/02\/IMG_20231009_224009-COLLAGE-1536x1536.jpg 1536w, https:\/\/agora.xtec.cat\/escolalavilapalamos\/wp-content\/uploads\/usu897\/2024\/02\/IMG_20231009_224009-COLLAGE.jpg 2046w\" sizes=\"auto, (max-width: 263px) 100vw, 263px\" \/><img loading=\"lazy\" decoding=\"async\" class=\" wp-image-14278 alignleft\" src=\"https:\/\/agora.xtec.cat\/escolalavilapalamos\/wp-content\/uploads\/usu897\/2024\/02\/IMG_20240121_201752-COLLAGE-768x1024.jpg\" alt=\"\" width=\"200\" height=\"267\" srcset=\"https:\/\/agora.xtec.cat\/escolalavilapalamos\/wp-content\/uploads\/usu897\/2024\/02\/IMG_20240121_201752-COLLAGE-768x1024.jpg 768w, https:\/\/agora.xtec.cat\/escolalavilapalamos\/wp-content\/uploads\/usu897\/2024\/02\/IMG_20240121_201752-COLLAGE-225x300.jpg 225w, https:\/\/agora.xtec.cat\/escolalavilapalamos\/wp-content\/uploads\/usu897\/2024\/02\/IMG_20240121_201752-COLLAGE-1152x1536.jpg 1152w, https:\/\/agora.xtec.cat\/escolalavilapalamos\/wp-content\/uploads\/usu897\/2024\/02\/IMG_20240121_201752-COLLAGE.jpg 1535w\" sizes=\"auto, (max-width: 200px) 100vw, 200px\" \/><\/p>\n<p><img loading=\"lazy\" decoding=\"async\" class=\"wp-image-14274 alignnone\" src=\"https:\/\/agora.xtec.cat\/escolalavilapalamos\/wp-content\/uploads\/usu897\/2024\/02\/IMG_20231010_112347-COLLAGE-768x1024.jpg\" alt=\"\" width=\"212\" height=\"282\" srcset=\"https:\/\/agora.xtec.cat\/escolalavilapalamos\/wp-content\/uploads\/usu897\/2024\/02\/IMG_20231010_112347-COLLAGE-768x1024.jpg 768w, https:\/\/agora.xtec.cat\/escolalavilapalamos\/wp-content\/uploads\/usu897\/2024\/02\/IMG_20231010_112347-COLLAGE-225x300.jpg 225w, https:\/\/agora.xtec.cat\/escolalavilapalamos\/wp-content\/uploads\/usu897\/2024\/02\/IMG_20231010_112347-COLLAGE-1152x1536.jpg 1152w, https:\/\/agora.xtec.cat\/escolalavilapalamos\/wp-content\/uploads\/usu897\/2024\/02\/IMG_20231010_112347-COLLAGE.jpg 1535w\" sizes=\"auto, (max-width: 212px) 100vw, 212px\" \/> <img loading=\"lazy\" decoding=\"async\" class=\"wp-image-14276 alignleft\" src=\"https:\/\/agora.xtec.cat\/escolalavilapalamos\/wp-content\/uploads\/usu897\/2024\/02\/IMG_20231011_152302-COLLAGE-768x1024.jpg\" alt=\"\" width=\"208\" height=\"277\" srcset=\"https:\/\/agora.xtec.cat\/escolalavilapalamos\/wp-content\/uploads\/usu897\/2024\/02\/IMG_20231011_152302-COLLAGE-768x1024.jpg 768w, https:\/\/agora.xtec.cat\/escolalavilapalamos\/wp-content\/uploads\/usu897\/2024\/02\/IMG_20231011_152302-COLLAGE-225x300.jpg 225w, https:\/\/agora.xtec.cat\/escolalavilapalamos\/wp-content\/uploads\/usu897\/2024\/02\/IMG_20231011_152302-COLLAGE-1152x1536.jpg 1152w, https:\/\/agora.xtec.cat\/escolalavilapalamos\/wp-content\/uploads\/usu897\/2024\/02\/IMG_20231011_152302-COLLAGE.jpg 1535w\" sizes=\"auto, (max-width: 208px) 100vw, 208px\" \/><img loading=\"lazy\" decoding=\"async\" class=\"aligncenter wp-image-14273\" src=\"https:\/\/agora.xtec.cat\/escolalavilapalamos\/wp-content\/uploads\/usu897\/2024\/02\/IMG_20231009_224707-COLLAGE-768x1024.jpg\" alt=\"\" width=\"216\" height=\"288\" srcset=\"https:\/\/agora.xtec.cat\/escolalavilapalamos\/wp-content\/uploads\/usu897\/2024\/02\/IMG_20231009_224707-COLLAGE-768x1024.jpg 768w, https:\/\/agora.xtec.cat\/escolalavilapalamos\/wp-content\/uploads\/usu897\/2024\/02\/IMG_20231009_224707-COLLAGE-225x300.jpg 225w, https:\/\/agora.xtec.cat\/escolalavilapalamos\/wp-content\/uploads\/usu897\/2024\/02\/IMG_20231009_224707-COLLAGE-1152x1536.jpg 1152w, https:\/\/agora.xtec.cat\/escolalavilapalamos\/wp-content\/uploads\/usu897\/2024\/02\/IMG_20231009_224707-COLLAGE.jpg 1535w\" sizes=\"auto, (max-width: 216px) 100vw, 216px\" \/><\/p>\n<p>&nbsp;<\/p>\n<p style=\"text-align: justify;\"><span style=\"font-weight: 400;\"><img loading=\"lazy\" decoding=\"async\" class=\" wp-image-14281 alignleft\" src=\"https:\/\/agora.xtec.cat\/escolalavilapalamos\/wp-content\/uploads\/usu897\/2024\/02\/IMG_20240215_225636-1024x736.jpg\" alt=\"\" width=\"260\" height=\"187\" srcset=\"https:\/\/agora.xtec.cat\/escolalavilapalamos\/wp-content\/uploads\/usu897\/2024\/02\/IMG_20240215_225636-1024x736.jpg 1024w, https:\/\/agora.xtec.cat\/escolalavilapalamos\/wp-content\/uploads\/usu897\/2024\/02\/IMG_20240215_225636-300x216.jpg 300w, https:\/\/agora.xtec.cat\/escolalavilapalamos\/wp-content\/uploads\/usu897\/2024\/02\/IMG_20240215_225636-768x552.jpg 768w, https:\/\/agora.xtec.cat\/escolalavilapalamos\/wp-content\/uploads\/usu897\/2024\/02\/IMG_20240215_225636-1536x1104.jpg 1536w, https:\/\/agora.xtec.cat\/escolalavilapalamos\/wp-content\/uploads\/usu897\/2024\/02\/IMG_20240215_225636-2048x1472.jpg 2048w\" sizes=\"auto, (max-width: 260px) 100vw, 260px\" \/>Aquest curs hem iniciat el carnet de propostes que ens ajuda a observar\/recordar qu\u00e8 hem fet i, tamb\u00e9, a organitzar-nos. Ens va b\u00e9 pe<\/span><span style=\"font-weight: 400;\">r situar en el temps all\u00f2 que hem realitzat i all\u00f2 que en<\/span><span style=\"font-family: inherit; font-size: 1em;\">cara ens queda per fer. \u00c9s una eina molt senzilla i visual, ja que t\u00e9 imatges que ens ajuden a ubicar-nos relacionant cada foto amb un\/a espai\/proposta. Tres cops per setmana els infants en el moment d\u2019escollir la proposta que volen realitzar enganxen un gomet a sobre de la imatge corresponent.<\/span><\/p>\n<p style=\"text-align: justify;\"><span style=\"font-family: inherit; font-size: 1em;\"><img loading=\"lazy\" decoding=\"async\" class=\" wp-image-14280 alignright\" src=\"https:\/\/agora.xtec.cat\/escolalavilapalamos\/wp-content\/uploads\/usu897\/2024\/02\/IMG_20240215_225609-716x1024.jpg\" alt=\"\" width=\"150\" height=\"215\" srcset=\"https:\/\/agora.xtec.cat\/escolalavilapalamos\/wp-content\/uploads\/usu897\/2024\/02\/IMG_20240215_225609-716x1024.jpg 716w, https:\/\/agora.xtec.cat\/escolalavilapalamos\/wp-content\/uploads\/usu897\/2024\/02\/IMG_20240215_225609-210x300.jpg 210w, https:\/\/agora.xtec.cat\/escolalavilapalamos\/wp-content\/uploads\/usu897\/2024\/02\/IMG_20240215_225609-768x1098.jpg 768w, https:\/\/agora.xtec.cat\/escolalavilapalamos\/wp-content\/uploads\/usu897\/2024\/02\/IMG_20240215_225609-1074x1536.jpg 1074w, https:\/\/agora.xtec.cat\/escolalavilapalamos\/wp-content\/uploads\/usu897\/2024\/02\/IMG_20240215_225609-1432x2048.jpg 1432w, https:\/\/agora.xtec.cat\/escolalavilapalamos\/wp-content\/uploads\/usu897\/2024\/02\/IMG_20240215_225609-scaled.jpg 1790w\" sizes=\"auto, (max-width: 150px) 100vw, 150px\" \/><\/span><\/p>\n<p style=\"text-align: justify;\"><span style=\"font-weight: 400;\">Aquest carnet \u00e9s mensual i a final de mes ens autoavaluem. Cada nen\/a\u00a0 observar\u00e0 i <\/span><span style=\"font-weight: 400;\">valor\u00e0 si ha\u00a0passat per totes les propostes, si sempre ha escollit\u00a0 la mateixa,\u00a0 si acostuma a\u00a0 deixar aquelles que li requereixen m\u00e9s esfor\u00e7\u2026 L\u2019objectiu principal \u00e9s que l\u2019infant, per una banda, es vagi adonant de quines s\u00f3n les propostes o les activitats que m\u00e9s li agraden i que hi va m\u00e9s sovint, i per altra banda, quines s\u00f3n les que no li agraden tant. D\u2019aquesta manera ser\u00e0 m\u00e9s conscient i tindr\u00e0 la possibilitat d\u2019autoregular-se.<\/span><\/p>\n<p style=\"text-align: left;\">\n","protected":false},"excerpt":{"rendered":"<p>EL CARNET DE PROPOSTES A I4<br \/>\nA la comunitat de petits organitzem les aules de manera que afavoreixi el desenvolupament integral dels infants i respondre aix\u00ed a les seves necessitats fisiol\u00f2giques, de moviment, d\u2019autonomia, de socialitzaci\u00f3, de descoberta, d\u2019exploraci\u00f3,&#8230;\u00c9s per tot aix\u00f2 que apostem per una&hellip;  <a href=\"https:\/\/agora.xtec.cat\/escolalavilapalamos\/general\/el-carnet-de-propostes-a-i4\/\" title=\"Read EL CARNET DE PROPOSTES A I4\">Llegeix m\u00e9s\u00bb<\/a><\/p>\n","protected":false},"author":128,"featured_media":0,"comment_status":"open","ping_status":"closed","sticky":false,"template":"","format":"standard","meta":{"_bbp_topic_count":0,"_bbp_reply_count":0,"_bbp_total_topic_count":0,"_bbp_total_reply_count":0,"_bbp_voice_count":0,"_bbp_anonymous_reply_count":0,"_bbp_topic_count_hidden":0,"_bbp_reply_count_hidden":0,"_bbp_forum_subforum_count":0,"footnotes":""},"categories":[2,1,4],"tags":[],"class_list":["post-14271","post","type-post","status-publish","format-standard","hentry","category-infantil","category-general","category-portada"],"post_mailing_queue_ids":[],"_links":{"self":[{"href":"https:\/\/agora.xtec.cat\/escolalavilapalamos\/wp-json\/wp\/v2\/posts\/14271","targetHints":{"allow":["GET"]}}],"collection":[{"href":"https:\/\/agora.xtec.cat\/escolalavilapalamos\/wp-json\/wp\/v2\/posts"}],"about":[{"href":"https:\/\/agora.xtec.cat\/escolalavilapalamos\/wp-json\/wp\/v2\/types\/post"}],"author":[{"embeddable":true,"href":"https:\/\/agora.xtec.cat\/escolalavilapalamos\/wp-json\/wp\/v2\/users\/128"}],"replies":[{"embeddable":true,"href":"https:\/\/agora.xtec.cat\/escolalavilapalamos\/wp-json\/wp\/v2\/comments?post=14271"}],"version-history":[{"count":5,"href":"https:\/\/agora.xtec.cat\/escolalavilapalamos\/wp-json\/wp\/v2\/posts\/14271\/revisions"}],"predecessor-version":[{"id":14286,"href":"https:\/\/agora.xtec.cat\/escolalavilapalamos\/wp-json\/wp\/v2\/posts\/14271\/revisions\/14286"}],"wp:attachment":[{"href":"https:\/\/agora.xtec.cat\/escolalavilapalamos\/wp-json\/wp\/v2\/media?parent=14271"}],"wp:term":[{"taxonomy":"category","embeddable":true,"href":"https:\/\/agora.xtec.cat\/escolalavilapalamos\/wp-json\/wp\/v2\/categories?post=14271"},{"taxonomy":"post_tag","embeddable":true,"href":"https:\/\/agora.xtec.cat\/escolalavilapalamos\/wp-json\/wp\/v2\/tags?post=14271"}],"curies":[{"name":"wp","href":"https:\/\/api.w.org\/{rel}","templated":true}]}}