{"id":14261,"date":"2024-02-07T15:46:37","date_gmt":"2024-02-07T14:46:37","guid":{"rendered":"https:\/\/agora.xtec.cat\/escolalavilapalamos\/?p=14261"},"modified":"2024-02-07T15:47:13","modified_gmt":"2024-02-07T14:47:13","slug":"habits-i-rutines-a-i3-les-nostres-cancons","status":"publish","type":"post","link":"https:\/\/agora.xtec.cat\/escolalavilapalamos\/general\/habits-i-rutines-a-i3-les-nostres-cancons\/","title":{"rendered":"H\u00c0BITS I RUTINES A I3 &#8211; LES NOSTRES CAN\u00c7ONS"},"content":{"rendered":"<p><span style=\"font-weight: 400;\">Benvolgudes fam\u00edlies,<\/span><\/p>\n<p><span style=\"font-weight: 400;\">de ben segur que us trobeu que els vostres fills\/es us canten can\u00e7ons que vosaltres no coneixeu. S\u00f3n can\u00e7ons que ens acompanyem en els moments de rutines, quan volem parlar del so-silenci, quan parlem de diades especials (Carnaval, Nadal, etc.) o de fen\u00f2mens naturals i estacions de l\u2019any (la tardor, l\u2019hivern, la primavera i l\u2019estiu).\u00a0<\/span><\/p>\n<p><span style=\"font-weight: 400;\">Doncs b\u00e9, hem pensat fer-ne un recull i compartir-lo amb tots vosaltres!<\/span><\/p>\n<p><a href=\"https:\/\/youtu.be\/BF7w-xJUlwM?si=Umq0MOY9GVzU9PFe\"><span style=\"font-weight: 400;\">Bon dia &#8211; D\u00e0maris Gelabert\u00a0\u00a0<\/span><\/a><\/p>\n<p><a href=\"https:\/\/youtu.be\/L6b7COYuVEU?si=KWj-IJHauiHHj3UN\"><span style=\"font-weight: 400;\">Bon dia &#8211; Atrapasomnis<\/span><\/a><\/p>\n<p><a href=\"https:\/\/youtu.be\/4atoVE3t-yo?si=EylhWXovG8yg9cot\"><span style=\"font-weight: 400;\">Els dies de la setmana -D\u00e0maris Gelabert<\/span><\/a><\/p>\n<p><a href=\"https:\/\/youtu.be\/whuKasZzqDU?si=kPJIT4rJh4rVNKIT\"><span style=\"font-weight: 400;\">Les vocals &#8211; D\u00e0maris Gelabert<\/span><\/a><\/p>\n<p><a href=\"https:\/\/youtu.be\/uvrdzQwLhHc?si=cYFJXksiSvVBMAWU\"><span style=\"font-weight: 400;\">L\u2019alfabet fon\u00e8tic en catal\u00e0<\/span><\/a><\/p>\n<p><a href=\"https:\/\/youtu.be\/3W7TXNHTSw8?si=Bz7ngT7kr7vFPWSH\"><span style=\"font-weight: 400;\">El silenci &#8211; D\u00e0maris Gelabert<\/span><\/a><\/p>\n<p><a href=\"https:\/\/youtu.be\/2RaUhbr7Jms?si=EhzJDnyRk0p-M9ni\"><span style=\"font-weight: 400;\">Els massatges &#8211; D\u00e0maris Gelabert<\/span><\/a><\/p>\n<p><a href=\"https:\/\/youtu.be\/epf3t41ZVVE?si=hnHIxu7hrw5dpaS4\"><span style=\"font-weight: 400;\">Bon profit<\/span><\/a><\/p>\n<p><a href=\"https:\/\/youtu.be\/Mfh6dMySREE?si=maSoJpTvPqcX9QjQ\"><span style=\"font-weight: 400;\">Fort i fluix<\/span><\/a><\/p>\n<p><a href=\"https:\/\/youtu.be\/CsmzU-pW3Xg?si=nVln2fMC29xPHQfe\"><span style=\"font-weight: 400;\">Ara arriba Carnestoltes<\/span><\/a><\/p>\n<p>&nbsp;<\/p>\n","protected":false},"excerpt":{"rendered":"<p>Benvolgudes fam\u00edlies,<br \/>\nde ben segur que us trobeu que els vostres fills\/es us canten can\u00e7ons que vosaltres no coneixeu. S\u00f3n can\u00e7ons que ens acompanyem en els moments de rutines, quan volem parlar del so-silenci, quan parlem de diades especials (Carnaval, Nadal, etc.) o de fen\u00f2mens naturals&hellip;  <a href=\"https:\/\/agora.xtec.cat\/escolalavilapalamos\/general\/habits-i-rutines-a-i3-les-nostres-cancons\/\" title=\"Read H\u00c0BITS I RUTINES A I3 &#8211; LES NOSTRES CAN\u00c7ONS\">Llegeix m\u00e9s\u00bb<\/a><\/p>\n","protected":false},"author":128,"featured_media":14265,"comment_status":"open","ping_status":"closed","sticky":false,"template":"","format":"standard","meta":{"_bbp_topic_count":0,"_bbp_reply_count":0,"_bbp_total_topic_count":0,"_bbp_total_reply_count":0,"_bbp_voice_count":0,"_bbp_anonymous_reply_count":0,"_bbp_topic_count_hidden":0,"_bbp_reply_count_hidden":0,"_bbp_forum_subforum_count":0,"footnotes":""},"categories":[2,1,4],"tags":[],"class_list":["post-14261","post","type-post","status-publish","format-standard","has-post-thumbnail","hentry","category-infantil","category-general","category-portada"],"post_mailing_queue_ids":[],"_links":{"self":[{"href":"https:\/\/agora.xtec.cat\/escolalavilapalamos\/wp-json\/wp\/v2\/posts\/14261","targetHints":{"allow":["GET"]}}],"collection":[{"href":"https:\/\/agora.xtec.cat\/escolalavilapalamos\/wp-json\/wp\/v2\/posts"}],"about":[{"href":"https:\/\/agora.xtec.cat\/escolalavilapalamos\/wp-json\/wp\/v2\/types\/post"}],"author":[{"embeddable":true,"href":"https:\/\/agora.xtec.cat\/escolalavilapalamos\/wp-json\/wp\/v2\/users\/128"}],"replies":[{"embeddable":true,"href":"https:\/\/agora.xtec.cat\/escolalavilapalamos\/wp-json\/wp\/v2\/comments?post=14261"}],"version-history":[{"count":3,"href":"https:\/\/agora.xtec.cat\/escolalavilapalamos\/wp-json\/wp\/v2\/posts\/14261\/revisions"}],"predecessor-version":[{"id":14266,"href":"https:\/\/agora.xtec.cat\/escolalavilapalamos\/wp-json\/wp\/v2\/posts\/14261\/revisions\/14266"}],"wp:featuredmedia":[{"embeddable":true,"href":"https:\/\/agora.xtec.cat\/escolalavilapalamos\/wp-json\/wp\/v2\/media\/14265"}],"wp:attachment":[{"href":"https:\/\/agora.xtec.cat\/escolalavilapalamos\/wp-json\/wp\/v2\/media?parent=14261"}],"wp:term":[{"taxonomy":"category","embeddable":true,"href":"https:\/\/agora.xtec.cat\/escolalavilapalamos\/wp-json\/wp\/v2\/categories?post=14261"},{"taxonomy":"post_tag","embeddable":true,"href":"https:\/\/agora.xtec.cat\/escolalavilapalamos\/wp-json\/wp\/v2\/tags?post=14261"}],"curies":[{"name":"wp","href":"https:\/\/api.w.org\/{rel}","templated":true}]}}