{"id":14243,"date":"2024-02-05T10:03:07","date_gmt":"2024-02-05T09:03:07","guid":{"rendered":"https:\/\/agora.xtec.cat\/escolalavilapalamos\/?p=14243"},"modified":"2024-02-05T10:03:07","modified_gmt":"2024-02-05T09:03:07","slug":"wonder-a-5e","status":"publish","type":"post","link":"https:\/\/agora.xtec.cat\/escolalavilapalamos\/general\/wonder-a-5e\/","title":{"rendered":"WONDER A 5\u00e8"},"content":{"rendered":"<p style=\"text-align: left;\">Les nenes i nens de 5\u00e8, estem llegint conjuntament el llibre\u00a0<span class=\"hiddenSpellError\">Wonder<\/span>, de R.J.\u00a0<span class=\"hiddenSpellError\">Palacios<\/span>. August, el seu protagonista, s&#8217;ha convertit en un alumne m\u00e9s de la classe. Amb ell recordem\u00a0di\u00e0riament\u00a0la import\u00e0ncia que tenen l&#8217;autoestima, l&#8217;esperit de superaci\u00f3 i d&#8217;acceptaci\u00f3 i tot el que desperti la seva lectura a cadasc\u00fa de nosaltres.<\/p>\n<p style=\"text-align: left;\">Paral\u00b7lelament,\u00a0fem un treball de diversos aspectes presents al llibre. Tamb\u00e9 pretenem potenciar el gust per la lectura i la comprensi\u00f3 escrita tan necess\u00e0ria avui en dia. Ja us anirem explicant.\u00a0Us\u00a0deixem un recull d&#8217;aquest treball que fem amb\u00a0<span class=\"hiddenSpellError\">Wonder<\/span>.<\/p>\n<p style=\"text-align: left;\">Clica la imatge per veure les fotografies:<\/p>\n<p><a href=\"https:\/\/photos.app.goo.gl\/HawnuNogTf2NgRov7\"><img loading=\"lazy\" decoding=\"async\" class=\"size-medium wp-image-14244 aligncenter\" src=\"https:\/\/agora.xtec.cat\/escolalavilapalamos\/wp-content\/uploads\/usu897\/2024\/02\/IMG_5695-225x300.jpg\" alt=\"\" width=\"225\" height=\"300\" srcset=\"https:\/\/agora.xtec.cat\/escolalavilapalamos\/wp-content\/uploads\/usu897\/2024\/02\/IMG_5695-225x300.jpg 225w, https:\/\/agora.xtec.cat\/escolalavilapalamos\/wp-content\/uploads\/usu897\/2024\/02\/IMG_5695-768x1024.jpg 768w, https:\/\/agora.xtec.cat\/escolalavilapalamos\/wp-content\/uploads\/usu897\/2024\/02\/IMG_5695-1152x1536.jpg 1152w, https:\/\/agora.xtec.cat\/escolalavilapalamos\/wp-content\/uploads\/usu897\/2024\/02\/IMG_5695-1536x2048.jpg 1536w, https:\/\/agora.xtec.cat\/escolalavilapalamos\/wp-content\/uploads\/usu897\/2024\/02\/IMG_5695-scaled.jpg 1920w\" sizes=\"auto, (max-width: 225px) 100vw, 225px\" \/><\/a><\/p>\n","protected":false},"excerpt":{"rendered":"<p>Les nenes i nens de 5\u00e8, estem llegint conjuntament el llibre\u00a0Wonder, de R.J.\u00a0Palacios. August, el seu protagonista, s&#8217;ha convertit en un alumne m\u00e9s de la classe. Amb ell recordem\u00a0di\u00e0riament\u00a0la import\u00e0ncia que tenen l&#8217;autoestima, l&#8217;esperit de superaci\u00f3 i d&#8217;acceptaci\u00f3 i tot el que desperti la seva&hellip;  <a href=\"https:\/\/agora.xtec.cat\/escolalavilapalamos\/general\/wonder-a-5e\/\" title=\"Read WONDER A 5\u00e8\">Llegeix m\u00e9s\u00bb<\/a><\/p>\n","protected":false},"author":132,"featured_media":0,"comment_status":"open","ping_status":"closed","sticky":false,"template":"","format":"standard","meta":{"_bbp_topic_count":0,"_bbp_reply_count":0,"_bbp_total_topic_count":0,"_bbp_total_reply_count":0,"_bbp_voice_count":0,"_bbp_anonymous_reply_count":0,"_bbp_topic_count_hidden":0,"_bbp_reply_count_hidden":0,"_bbp_forum_subforum_count":0,"footnotes":""},"categories":[128,1,4,5],"tags":[],"class_list":["post-14243","post","type-post","status-publish","format-standard","hentry","category-comunitat-de-grans","category-general","category-portada","category-primaria"],"post_mailing_queue_ids":[],"_links":{"self":[{"href":"https:\/\/agora.xtec.cat\/escolalavilapalamos\/wp-json\/wp\/v2\/posts\/14243","targetHints":{"allow":["GET"]}}],"collection":[{"href":"https:\/\/agora.xtec.cat\/escolalavilapalamos\/wp-json\/wp\/v2\/posts"}],"about":[{"href":"https:\/\/agora.xtec.cat\/escolalavilapalamos\/wp-json\/wp\/v2\/types\/post"}],"author":[{"embeddable":true,"href":"https:\/\/agora.xtec.cat\/escolalavilapalamos\/wp-json\/wp\/v2\/users\/132"}],"replies":[{"embeddable":true,"href":"https:\/\/agora.xtec.cat\/escolalavilapalamos\/wp-json\/wp\/v2\/comments?post=14243"}],"version-history":[{"count":6,"href":"https:\/\/agora.xtec.cat\/escolalavilapalamos\/wp-json\/wp\/v2\/posts\/14243\/revisions"}],"predecessor-version":[{"id":14250,"href":"https:\/\/agora.xtec.cat\/escolalavilapalamos\/wp-json\/wp\/v2\/posts\/14243\/revisions\/14250"}],"wp:attachment":[{"href":"https:\/\/agora.xtec.cat\/escolalavilapalamos\/wp-json\/wp\/v2\/media?parent=14243"}],"wp:term":[{"taxonomy":"category","embeddable":true,"href":"https:\/\/agora.xtec.cat\/escolalavilapalamos\/wp-json\/wp\/v2\/categories?post=14243"},{"taxonomy":"post_tag","embeddable":true,"href":"https:\/\/agora.xtec.cat\/escolalavilapalamos\/wp-json\/wp\/v2\/tags?post=14243"}],"curies":[{"name":"wp","href":"https:\/\/api.w.org\/{rel}","templated":true}]}}