{"id":14240,"date":"2024-02-02T09:47:56","date_gmt":"2024-02-02T08:47:56","guid":{"rendered":"https:\/\/agora.xtec.cat\/escolalavilapalamos\/?p=14240"},"modified":"2024-02-02T09:47:56","modified_gmt":"2024-02-02T08:47:56","slug":"rock-a-3r","status":"publish","type":"post","link":"https:\/\/agora.xtec.cat\/escolalavilapalamos\/general\/rock-a-3r\/","title":{"rendered":"Rock a 3r!"},"content":{"rendered":"<p>Els cursos de 3r ens hem endinsat en el fant\u00e0stic m\u00f3n del rock! Hem apr\u00e8s la can\u00e7\u00f3: Rock del rellotge, i hem creat en petits grups les nostres coreografies amb passos de rock. Tot ha estat inventat pels alumnes! Per gravar el v\u00eddeo ens hem caracteritzat amb algun complement\u00a0 de rock. Tampoc hi podien faltar els m\u00fasics acompanyant als i les\u00a0 ballarines! Si cliqueu a l&#8217;enlla\u00e7 en veureu el resultat. Ens ho hem passat molt b\u00e9!! Visca la m\u00fasica!!<\/p>\n<p><a href=\"https:\/\/drive.google.com\/drive\/u\/0\/folders\/1QiUiTe0u3r1vBXPZzCsyoUQMwOFUWKxb\">ROCK<\/a><\/p>\n<p><img loading=\"lazy\" decoding=\"async\" class=\"aligncenter\" src=\"https:\/\/www.thomann.de\/blog\/wp-content\/uploads\/2222\/05\/rockcovers_header_770x425_d13.jpg\" alt=\"10 grandes versiones de Rock \u2013 t.blog\" width=\"285\" height=\"157\" \/><\/p>\n","protected":false},"excerpt":{"rendered":"<p>Els cursos de 3r ens hem endinsat en el fant\u00e0stic m\u00f3n del rock! Hem apr\u00e8s la can\u00e7\u00f3: Rock del rellotge, i hem creat en petits grups les nostres coreografies amb passos de rock. Tot ha estat inventat pels alumnes! Per gravar el v\u00eddeo ens hem&hellip;  <a href=\"https:\/\/agora.xtec.cat\/escolalavilapalamos\/general\/rock-a-3r\/\" title=\"Read Rock a 3r!\">Llegeix m\u00e9s\u00bb<\/a><\/p>\n","protected":false},"author":131,"featured_media":0,"comment_status":"open","ping_status":"closed","sticky":false,"template":"","format":"standard","meta":{"_bbp_topic_count":0,"_bbp_reply_count":0,"_bbp_total_topic_count":0,"_bbp_total_reply_count":0,"_bbp_voice_count":0,"_bbp_anonymous_reply_count":0,"_bbp_topic_count_hidden":0,"_bbp_reply_count_hidden":0,"_bbp_forum_subforum_count":0,"footnotes":""},"categories":[127,67,1,4],"tags":[],"class_list":["post-14240","post","type-post","status-publish","format-standard","hentry","category-comunitat-de-mitjans","category-especialistes","category-general","category-portada"],"post_mailing_queue_ids":[],"_links":{"self":[{"href":"https:\/\/agora.xtec.cat\/escolalavilapalamos\/wp-json\/wp\/v2\/posts\/14240","targetHints":{"allow":["GET"]}}],"collection":[{"href":"https:\/\/agora.xtec.cat\/escolalavilapalamos\/wp-json\/wp\/v2\/posts"}],"about":[{"href":"https:\/\/agora.xtec.cat\/escolalavilapalamos\/wp-json\/wp\/v2\/types\/post"}],"author":[{"embeddable":true,"href":"https:\/\/agora.xtec.cat\/escolalavilapalamos\/wp-json\/wp\/v2\/users\/131"}],"replies":[{"embeddable":true,"href":"https:\/\/agora.xtec.cat\/escolalavilapalamos\/wp-json\/wp\/v2\/comments?post=14240"}],"version-history":[{"count":2,"href":"https:\/\/agora.xtec.cat\/escolalavilapalamos\/wp-json\/wp\/v2\/posts\/14240\/revisions"}],"predecessor-version":[{"id":14242,"href":"https:\/\/agora.xtec.cat\/escolalavilapalamos\/wp-json\/wp\/v2\/posts\/14240\/revisions\/14242"}],"wp:attachment":[{"href":"https:\/\/agora.xtec.cat\/escolalavilapalamos\/wp-json\/wp\/v2\/media?parent=14240"}],"wp:term":[{"taxonomy":"category","embeddable":true,"href":"https:\/\/agora.xtec.cat\/escolalavilapalamos\/wp-json\/wp\/v2\/categories?post=14240"},{"taxonomy":"post_tag","embeddable":true,"href":"https:\/\/agora.xtec.cat\/escolalavilapalamos\/wp-json\/wp\/v2\/tags?post=14240"}],"curies":[{"name":"wp","href":"https:\/\/api.w.org\/{rel}","templated":true}]}}