{"id":14235,"date":"2024-02-01T13:33:37","date_gmt":"2024-02-01T12:33:37","guid":{"rendered":"https:\/\/agora.xtec.cat\/escolalavilapalamos\/?p=14235"},"modified":"2024-02-01T13:34:02","modified_gmt":"2024-02-01T12:34:02","slug":"soc-especial-i-mencanta","status":"publish","type":"post","link":"https:\/\/agora.xtec.cat\/escolalavilapalamos\/general\/soc-especial-i-mencanta\/","title":{"rendered":"Soc especial i m\u2019encanta!"},"content":{"rendered":"<p><span style=\"font-weight: 400;\">El trastorn per d\u00e8ficit d&#8217;atenci\u00f3 amb hiperactivitat o sense (TDA\/TDAH) \u00e9s una alteraci\u00f3 del neurodesenvolupament, els s\u00edmptomes principals del qual s\u00f3n inatenci\u00f3, hiperactivitat i impulsivitat. El TDA\/TDAH tenen un origen biol\u00f2gic i diversos factors d\u2019origen gen\u00e8tics i ambientals que contribueixen al seu desenvolupament.<\/span><\/p>\n<p><span style=\"font-weight: 400;\">Es troben afectades, entre altres, les funcions executives, presentant dificultats en algunes d&#8217;aquestes \u00e0rees o en totes elles:<\/span><\/p>\n<p><b>Falta d&#8217;atenci\u00f3.<\/b><span style=\"font-weight: 400;\"> Els hi costa centrar la seva atenci\u00f3, concentrar-se i mantenir-se enfocats en una tasca. A vegades no escolten b\u00e9 les instruccions, es perden detalls importants i no acaben el que comencen. Poden semblar distrets o oblidadissos.<\/span><\/p>\n<p><b>Hiperactivitat.<\/b><span style=\"font-weight: 400;\"> Els nens hiperactius s\u00f3n inquiets, moguts i s&#8217;avorreixen amb facilitat. Poden tenir dificultats per a asseure&#8217;s quiets o romandre callats quan \u00e9s necessari. \u00c9s possible que facin les coses a tot c\u00f3rrer i que cometin errors per distracci\u00f3. Sense voler, es poden comportar de formes que molesten als altres.<\/span><\/p>\n<p><b>Impulsivitat<\/b><span style=\"font-weight: 400;\">. Els nens impulsius actuen massa de pressa i abans de pensar. Amb freq\u00fc\u00e8ncia interrompen i tenen dificultats per a esperar. Poden tenir reaccions emocionals que semblen massa intenses per a la situaci\u00f3.<\/span><\/p>\n<p><span style=\"font-weight: 400;\">Des de l&#8217;<strong>equip de diversitat<\/strong>, us recomanem dos llibres per tal que conegueu m\u00e9s sobre el TDA\/TDAH:<\/span><\/p>\n<p><span style=\"font-weight: 400;\">&#8211; <\/span><span style=\"font-weight: 400;\">La N\u00faria va a la platja<\/span><span style=\"font-weight: 400;\">. L\u2019editorial \u00e9s \u201cLa pulga con gafas\u201d i l\u2019autora \u00e9s Rosanna Riu.<\/span><\/p>\n<p><span style=\"font-weight: 400;\">La N\u00faria i els seus pares passaran el dia a la platja. La impaci\u00e8ncia de la N\u00faria trasbalsa als seus pares. Un cop a la platja la N\u00faria es perd. Sort que el trol Trok est\u00e0 al seu costat per ajudar-la a valorar i reflexionar sobre els seus errors. Els principals aspectes que es treballen en aquest conte s\u00f3n la impulsivitat i l&#8217;atenci\u00f3. Ideal per a nens i nenes que necessiten una eina de suport per a la seva relaci\u00f3 social.<\/span><\/p>\n<p><span style=\"font-weight: 400;\"><a href=\"https:\/\/agora.xtec.cat\/escolalavilapalamos\/wp-content\/uploads\/usu897\/2024\/02\/803590174c26935fb0c56b6d22faf343.jpg\"><img loading=\"lazy\" decoding=\"async\" class=\"aligncenter size-medium wp-image-14236\" src=\"https:\/\/agora.xtec.cat\/escolalavilapalamos\/wp-content\/uploads\/usu897\/2024\/02\/803590174c26935fb0c56b6d22faf343-300x300.jpg\" alt=\"\" width=\"300\" height=\"300\" srcset=\"https:\/\/agora.xtec.cat\/escolalavilapalamos\/wp-content\/uploads\/usu897\/2024\/02\/803590174c26935fb0c56b6d22faf343-300x300.jpg 300w, https:\/\/agora.xtec.cat\/escolalavilapalamos\/wp-content\/uploads\/usu897\/2024\/02\/803590174c26935fb0c56b6d22faf343-1024x1024.jpg 1024w, https:\/\/agora.xtec.cat\/escolalavilapalamos\/wp-content\/uploads\/usu897\/2024\/02\/803590174c26935fb0c56b6d22faf343-150x150.jpg 150w, https:\/\/agora.xtec.cat\/escolalavilapalamos\/wp-content\/uploads\/usu897\/2024\/02\/803590174c26935fb0c56b6d22faf343-768x768.jpg 768w, https:\/\/agora.xtec.cat\/escolalavilapalamos\/wp-content\/uploads\/usu897\/2024\/02\/803590174c26935fb0c56b6d22faf343-1536x1536.jpg 1536w, https:\/\/agora.xtec.cat\/escolalavilapalamos\/wp-content\/uploads\/usu897\/2024\/02\/803590174c26935fb0c56b6d22faf343.jpg 1772w\" sizes=\"auto, (max-width: 300px) 100vw, 300px\" \/><\/a>&#8211; <\/span><span style=\"font-weight: 400;\">Soc especial i m\u2019encanta<\/span><span style=\"font-weight: 400;\">. L\u2019editorial \u00e9s \u201cMarta Encuentra Pubia\u201d i l\u2019autora \u00e9s Laia Roig.\u00a0<\/span><\/p>\n<p><span style=\"font-weight: 400;\">La Laia Roig, amb nom\u00e9s 12 anys \u00e9s l&#8217;autora d\u2019aquest llibre que tracta sobre el bullying, el TDA i la superaci\u00f3 personal. Us deixem l&#8217;enlla\u00e7 a la seva p\u00e0gina web on podeu con\u00e8ixer m\u00e9s sobre la seva hist\u00f2ria:<\/span> <a href=\"https:\/\/socespecialimencanta.wordpress.com\/\"><span style=\"font-weight: 400;\">https:\/\/socespecialimencanta.wordpress.com\/<\/span><\/a><span style=\"font-weight: 400;\">\u00a0<\/span><\/p>\n<p>&nbsp;<\/p>\n","protected":false},"excerpt":{"rendered":"<p>El trastorn per d\u00e8ficit d&#8217;atenci\u00f3 amb hiperactivitat o sense (TDA\/TDAH) \u00e9s una alteraci\u00f3 del neurodesenvolupament, els s\u00edmptomes principals del qual s\u00f3n inatenci\u00f3, hiperactivitat i impulsivitat. El TDA\/TDAH tenen un origen biol\u00f2gic i diversos factors d\u2019origen gen\u00e8tics i ambientals que contribueixen al seu desenvolupament.<br \/>\nEs troben afectades,&hellip;  <a href=\"https:\/\/agora.xtec.cat\/escolalavilapalamos\/general\/soc-especial-i-mencanta\/\" title=\"Read Soc especial i m\u2019encanta!\">Llegeix m\u00e9s\u00bb<\/a><\/p>\n","protected":false},"author":132,"featured_media":0,"comment_status":"open","ping_status":"closed","sticky":false,"template":"","format":"standard","meta":{"_bbp_topic_count":0,"_bbp_reply_count":0,"_bbp_total_topic_count":0,"_bbp_total_reply_count":0,"_bbp_voice_count":0,"_bbp_anonymous_reply_count":0,"_bbp_topic_count_hidden":0,"_bbp_reply_count_hidden":0,"_bbp_forum_subforum_count":0,"footnotes":""},"categories":[128,127,2,67,1,4],"tags":[],"class_list":["post-14235","post","type-post","status-publish","format-standard","hentry","category-comunitat-de-grans","category-comunitat-de-mitjans","category-infantil","category-especialistes","category-general","category-portada"],"post_mailing_queue_ids":[],"_links":{"self":[{"href":"https:\/\/agora.xtec.cat\/escolalavilapalamos\/wp-json\/wp\/v2\/posts\/14235","targetHints":{"allow":["GET"]}}],"collection":[{"href":"https:\/\/agora.xtec.cat\/escolalavilapalamos\/wp-json\/wp\/v2\/posts"}],"about":[{"href":"https:\/\/agora.xtec.cat\/escolalavilapalamos\/wp-json\/wp\/v2\/types\/post"}],"author":[{"embeddable":true,"href":"https:\/\/agora.xtec.cat\/escolalavilapalamos\/wp-json\/wp\/v2\/users\/132"}],"replies":[{"embeddable":true,"href":"https:\/\/agora.xtec.cat\/escolalavilapalamos\/wp-json\/wp\/v2\/comments?post=14235"}],"version-history":[{"count":3,"href":"https:\/\/agora.xtec.cat\/escolalavilapalamos\/wp-json\/wp\/v2\/posts\/14235\/revisions"}],"predecessor-version":[{"id":14239,"href":"https:\/\/agora.xtec.cat\/escolalavilapalamos\/wp-json\/wp\/v2\/posts\/14235\/revisions\/14239"}],"wp:attachment":[{"href":"https:\/\/agora.xtec.cat\/escolalavilapalamos\/wp-json\/wp\/v2\/media?parent=14235"}],"wp:term":[{"taxonomy":"category","embeddable":true,"href":"https:\/\/agora.xtec.cat\/escolalavilapalamos\/wp-json\/wp\/v2\/categories?post=14235"},{"taxonomy":"post_tag","embeddable":true,"href":"https:\/\/agora.xtec.cat\/escolalavilapalamos\/wp-json\/wp\/v2\/tags?post=14235"}],"curies":[{"name":"wp","href":"https:\/\/api.w.org\/{rel}","templated":true}]}}