{"id":14228,"date":"2024-01-31T08:48:14","date_gmt":"2024-01-31T07:48:14","guid":{"rendered":"https:\/\/agora.xtec.cat\/escolalavilapalamos\/?p=14228"},"modified":"2024-01-31T08:48:14","modified_gmt":"2024-01-31T07:48:14","slug":"celebrem-el-dia-de-la-pau-i-no-violencia","status":"publish","type":"post","link":"https:\/\/agora.xtec.cat\/escolalavilapalamos\/general\/celebrem-el-dia-de-la-pau-i-no-violencia\/","title":{"rendered":"Celebrem el dia de la &#8220;Pau i no viol\u00e8ncia&#8221;"},"content":{"rendered":"<p>Els i les alumnes de 2n vam anar a l&#8217;IES Vila-rom\u00e0 a celebrar el dia internacional de la Pau i la no viol\u00e8ncia. Aquesta trobada amb els cursos de 2n de totes les escoles del nostre municipi, \u00e9s un mat\u00ed en el qual vam compartir m\u00fasica, missatges relacionats amb la pau, jocs cooperatius, noves amistats&#8230;<\/p>\n<p>A les hores de m\u00fasica vam estar aprenent la can\u00e7\u00f3 &#8220;Mirall de pau&#8221; que va ser el cant com\u00fa amb totes les escoles. A les hores de tutoria vam preparar uns missatges relacionats amb la pau, que vam penjar a l&#8217;arbre dels desitjos que hi havia a l&#8217;IES Vila-rom\u00e0.<\/p>\n<p>Vam passar un bonic mat\u00ed que vam poder compartir amb nens i nenes de tot el poble.<\/p>\n<p>Us deixem l&#8217;enlla\u00e7 de la can\u00e7\u00f3 que vam cantar plegats!<\/p>\n<p><a href=\"https:\/\/www.youtube.com\/watch?v=TX0W4sxV0cY\">Mirall de pau<\/a><\/p>\n<p><a href=\"https:\/\/agora.xtec.cat\/escolalavilapalamos\/wp-content\/uploads\/usu897\/2024\/01\/WhatsApp-Image-2024-01-31-at-08.20.25.jpeg\"><img loading=\"lazy\" decoding=\"async\" class=\"wp-image-14229 aligncenter\" src=\"https:\/\/agora.xtec.cat\/escolalavilapalamos\/wp-content\/uploads\/usu897\/2024\/01\/WhatsApp-Image-2024-01-31-at-08.20.25-300x135.jpeg\" alt=\"\" width=\"424\" height=\"191\" srcset=\"https:\/\/agora.xtec.cat\/escolalavilapalamos\/wp-content\/uploads\/usu897\/2024\/01\/WhatsApp-Image-2024-01-31-at-08.20.25-300x135.jpeg 300w, https:\/\/agora.xtec.cat\/escolalavilapalamos\/wp-content\/uploads\/usu897\/2024\/01\/WhatsApp-Image-2024-01-31-at-08.20.25-1024x461.jpeg 1024w, https:\/\/agora.xtec.cat\/escolalavilapalamos\/wp-content\/uploads\/usu897\/2024\/01\/WhatsApp-Image-2024-01-31-at-08.20.25-768x346.jpeg 768w, https:\/\/agora.xtec.cat\/escolalavilapalamos\/wp-content\/uploads\/usu897\/2024\/01\/WhatsApp-Image-2024-01-31-at-08.20.25-1536x691.jpeg 1536w, https:\/\/agora.xtec.cat\/escolalavilapalamos\/wp-content\/uploads\/usu897\/2024\/01\/WhatsApp-Image-2024-01-31-at-08.20.25.jpeg 2000w\" sizes=\"auto, (max-width: 424px) 100vw, 424px\" \/><\/a><\/p>\n","protected":false},"excerpt":{"rendered":"<p>Els i les alumnes de 2n vam anar a l&#8217;IES Vila-rom\u00e0 a celebrar el dia internacional de la Pau i la no viol\u00e8ncia. Aquesta trobada amb els cursos de 2n de totes les escoles del nostre municipi, \u00e9s un mat\u00ed en el qual vam compartir&hellip;  <a href=\"https:\/\/agora.xtec.cat\/escolalavilapalamos\/general\/celebrem-el-dia-de-la-pau-i-no-violencia\/\" title=\"Read Celebrem el dia de la &#8220;Pau i no viol\u00e8ncia&#8221;\">Llegeix m\u00e9s\u00bb<\/a><\/p>\n","protected":false},"author":131,"featured_media":14231,"comment_status":"open","ping_status":"closed","sticky":false,"template":"","format":"standard","meta":{"_bbp_topic_count":0,"_bbp_reply_count":0,"_bbp_total_topic_count":0,"_bbp_total_reply_count":0,"_bbp_voice_count":0,"_bbp_anonymous_reply_count":0,"_bbp_topic_count_hidden":0,"_bbp_reply_count_hidden":0,"_bbp_forum_subforum_count":0,"footnotes":""},"categories":[127,1,4,5],"tags":[],"class_list":["post-14228","post","type-post","status-publish","format-standard","has-post-thumbnail","hentry","category-comunitat-de-mitjans","category-general","category-portada","category-primaria"],"post_mailing_queue_ids":[],"_links":{"self":[{"href":"https:\/\/agora.xtec.cat\/escolalavilapalamos\/wp-json\/wp\/v2\/posts\/14228","targetHints":{"allow":["GET"]}}],"collection":[{"href":"https:\/\/agora.xtec.cat\/escolalavilapalamos\/wp-json\/wp\/v2\/posts"}],"about":[{"href":"https:\/\/agora.xtec.cat\/escolalavilapalamos\/wp-json\/wp\/v2\/types\/post"}],"author":[{"embeddable":true,"href":"https:\/\/agora.xtec.cat\/escolalavilapalamos\/wp-json\/wp\/v2\/users\/131"}],"replies":[{"embeddable":true,"href":"https:\/\/agora.xtec.cat\/escolalavilapalamos\/wp-json\/wp\/v2\/comments?post=14228"}],"version-history":[{"count":2,"href":"https:\/\/agora.xtec.cat\/escolalavilapalamos\/wp-json\/wp\/v2\/posts\/14228\/revisions"}],"predecessor-version":[{"id":14232,"href":"https:\/\/agora.xtec.cat\/escolalavilapalamos\/wp-json\/wp\/v2\/posts\/14228\/revisions\/14232"}],"wp:featuredmedia":[{"embeddable":true,"href":"https:\/\/agora.xtec.cat\/escolalavilapalamos\/wp-json\/wp\/v2\/media\/14231"}],"wp:attachment":[{"href":"https:\/\/agora.xtec.cat\/escolalavilapalamos\/wp-json\/wp\/v2\/media?parent=14228"}],"wp:term":[{"taxonomy":"category","embeddable":true,"href":"https:\/\/agora.xtec.cat\/escolalavilapalamos\/wp-json\/wp\/v2\/categories?post=14228"},{"taxonomy":"post_tag","embeddable":true,"href":"https:\/\/agora.xtec.cat\/escolalavilapalamos\/wp-json\/wp\/v2\/tags?post=14228"}],"curies":[{"name":"wp","href":"https:\/\/api.w.org\/{rel}","templated":true}]}}