{"id":14216,"date":"2024-01-29T09:31:15","date_gmt":"2024-01-29T08:31:15","guid":{"rendered":"https:\/\/agora.xtec.cat\/escolalavilapalamos\/?p=14216"},"modified":"2024-01-29T09:31:15","modified_gmt":"2024-01-29T08:31:15","slug":"descobrim-palamos-2","status":"publish","type":"post","link":"https:\/\/agora.xtec.cat\/escolalavilapalamos\/general\/descobrim-palamos-2\/","title":{"rendered":"DESCOBRIM PALAM\u00d3S"},"content":{"rendered":"<p><span style=\"font-weight: 400;\">Fa uns dies que a l&#8217;aula vam descobrir un cofre amb diversos objectes relacionats amb la nostra vila: un tall de xarxa, una ampolleta plena de sorra de platja, unes petxines, unes pedres de mar, un vaixell de vela, un pl\u00e0nol dels carrers de Palam\u00f3s. Tamb\u00e9 hi havia una bosseta amb uns paperets embolicats com a pergamins.<\/span><\/p>\n<p><span style=\"font-weight: 400;\">Cada infant en va escollir un i en obrir-lo vam descobrir que es repetien cinc imatges: el far, els pirates, llegendes i m\u00fasica, les platges i els ports. Aquestes imatges s\u00f3n el punt de partida per fer un\u00a0 treball en grup i descobrir m\u00e9s coses del nostre poble.<\/span><\/p>\n<p><img loading=\"lazy\" decoding=\"async\" class=\"aligncenter size-full wp-image-14217\" src=\"https:\/\/agora.xtec.cat\/escolalavilapalamos\/wp-content\/uploads\/usu897\/2024\/01\/025874A4-7444-47FD-9154-E80C96767207.jpg\" alt=\"\" width=\"720\" height=\"720\" srcset=\"https:\/\/agora.xtec.cat\/escolalavilapalamos\/wp-content\/uploads\/usu897\/2024\/01\/025874A4-7444-47FD-9154-E80C96767207.jpg 720w, https:\/\/agora.xtec.cat\/escolalavilapalamos\/wp-content\/uploads\/usu897\/2024\/01\/025874A4-7444-47FD-9154-E80C96767207-300x300.jpg 300w, https:\/\/agora.xtec.cat\/escolalavilapalamos\/wp-content\/uploads\/usu897\/2024\/01\/025874A4-7444-47FD-9154-E80C96767207-150x150.jpg 150w\" sizes=\"auto, (max-width: 720px) 100vw, 720px\" \/><\/p>\n<p><span style=\"font-weight: 400;\">\u00a0Anirem informant del que descobrim!<\/span><\/p>\n","protected":false},"excerpt":{"rendered":"<p>Fa uns dies que a l&#8217;aula vam descobrir un cofre amb diversos objectes relacionats amb la nostra vila: un tall de xarxa, una ampolleta plena de sorra de platja, unes petxines, unes pedres de mar, un vaixell de vela, un pl\u00e0nol dels carrers de Palam\u00f3s.&hellip;  <a href=\"https:\/\/agora.xtec.cat\/escolalavilapalamos\/general\/descobrim-palamos-2\/\" title=\"Read DESCOBRIM PALAM\u00d3S\">Llegeix m\u00e9s\u00bb<\/a><\/p>\n","protected":false},"author":128,"featured_media":0,"comment_status":"closed","ping_status":"closed","sticky":false,"template":"","format":"standard","meta":{"_bbp_topic_count":0,"_bbp_reply_count":0,"_bbp_total_topic_count":0,"_bbp_total_reply_count":0,"_bbp_voice_count":0,"_bbp_anonymous_reply_count":0,"_bbp_topic_count_hidden":0,"_bbp_reply_count_hidden":0,"_bbp_forum_subforum_count":0,"footnotes":""},"categories":[2,1,4],"tags":[],"class_list":["post-14216","post","type-post","status-publish","format-standard","hentry","category-infantil","category-general","category-portada"],"post_mailing_queue_ids":[],"_links":{"self":[{"href":"https:\/\/agora.xtec.cat\/escolalavilapalamos\/wp-json\/wp\/v2\/posts\/14216","targetHints":{"allow":["GET"]}}],"collection":[{"href":"https:\/\/agora.xtec.cat\/escolalavilapalamos\/wp-json\/wp\/v2\/posts"}],"about":[{"href":"https:\/\/agora.xtec.cat\/escolalavilapalamos\/wp-json\/wp\/v2\/types\/post"}],"author":[{"embeddable":true,"href":"https:\/\/agora.xtec.cat\/escolalavilapalamos\/wp-json\/wp\/v2\/users\/128"}],"replies":[{"embeddable":true,"href":"https:\/\/agora.xtec.cat\/escolalavilapalamos\/wp-json\/wp\/v2\/comments?post=14216"}],"version-history":[{"count":2,"href":"https:\/\/agora.xtec.cat\/escolalavilapalamos\/wp-json\/wp\/v2\/posts\/14216\/revisions"}],"predecessor-version":[{"id":14219,"href":"https:\/\/agora.xtec.cat\/escolalavilapalamos\/wp-json\/wp\/v2\/posts\/14216\/revisions\/14219"}],"wp:attachment":[{"href":"https:\/\/agora.xtec.cat\/escolalavilapalamos\/wp-json\/wp\/v2\/media?parent=14216"}],"wp:term":[{"taxonomy":"category","embeddable":true,"href":"https:\/\/agora.xtec.cat\/escolalavilapalamos\/wp-json\/wp\/v2\/categories?post=14216"},{"taxonomy":"post_tag","embeddable":true,"href":"https:\/\/agora.xtec.cat\/escolalavilapalamos\/wp-json\/wp\/v2\/tags?post=14216"}],"curies":[{"name":"wp","href":"https:\/\/api.w.org\/{rel}","templated":true}]}}