{"id":14213,"date":"2024-01-29T19:01:15","date_gmt":"2024-01-29T18:01:15","guid":{"rendered":"https:\/\/agora.xtec.cat\/escolalavilapalamos\/?p=14213"},"modified":"2024-01-30T22:58:13","modified_gmt":"2024-01-30T21:58:13","slug":"treball-globalitzat-6e","status":"publish","type":"post","link":"https:\/\/agora.xtec.cat\/escolalavilapalamos\/general\/treball-globalitzat-6e\/","title":{"rendered":"Treball globalitzat 6\u00e8"},"content":{"rendered":"<p>Aquest curs ens hem centrat en el treball dels \u00e9ssers vius. Hem apr\u00e8s sobre les tres funcions vitals, els aparells i sistemes, els \u00f2rgans i les caracter\u00edstiques principals dels \u00e9ssers humans. A partir d&#8217;ara ens compararem amb la resta d&#8217;\u00e9ssers vius i descobrirem moltes semblances i difer\u00e8ncies que ens ajudaran a entendre com ens relacionem i ens necessitem els uns als altres. Us deixem un v\u00eddeo del que hem treballat fins ara!<\/p>\n<p><iframe loading=\"lazy\" title=\"\u00c9SSERS VIUS 6\u00e8\" width=\"500\" height=\"281\" src=\"https:\/\/www.youtube.com\/embed\/ABg1vA0fFuo?feature=oembed\" frameborder=\"0\" allow=\"accelerometer; autoplay; clipboard-write; encrypted-media; gyroscope; picture-in-picture; web-share\" referrerpolicy=\"strict-origin-when-cross-origin\" allowfullscreen><\/iframe><\/p>\n","protected":false},"excerpt":{"rendered":"<p>Aquest curs ens hem centrat en el treball dels \u00e9ssers vius. Hem apr\u00e8s sobre les tres funcions vitals, els aparells i sistemes, els \u00f2rgans i les caracter\u00edstiques principals dels \u00e9ssers humans. A partir d&#8217;ara ens compararem amb la resta d&#8217;\u00e9ssers vius i descobrirem moltes semblances&hellip;  <a href=\"https:\/\/agora.xtec.cat\/escolalavilapalamos\/general\/treball-globalitzat-6e\/\" title=\"Read Treball globalitzat 6\u00e8\">Llegeix m\u00e9s\u00bb<\/a><\/p>\n","protected":false},"author":132,"featured_media":0,"comment_status":"open","ping_status":"closed","sticky":false,"template":"","format":"standard","meta":{"_bbp_topic_count":0,"_bbp_reply_count":0,"_bbp_total_topic_count":0,"_bbp_total_reply_count":0,"_bbp_voice_count":0,"_bbp_anonymous_reply_count":0,"_bbp_topic_count_hidden":0,"_bbp_reply_count_hidden":0,"_bbp_forum_subforum_count":0,"footnotes":""},"categories":[128,1,4,5],"tags":[],"class_list":["post-14213","post","type-post","status-publish","format-standard","hentry","category-comunitat-de-grans","category-general","category-portada","category-primaria"],"post_mailing_queue_ids":[],"_links":{"self":[{"href":"https:\/\/agora.xtec.cat\/escolalavilapalamos\/wp-json\/wp\/v2\/posts\/14213","targetHints":{"allow":["GET"]}}],"collection":[{"href":"https:\/\/agora.xtec.cat\/escolalavilapalamos\/wp-json\/wp\/v2\/posts"}],"about":[{"href":"https:\/\/agora.xtec.cat\/escolalavilapalamos\/wp-json\/wp\/v2\/types\/post"}],"author":[{"embeddable":true,"href":"https:\/\/agora.xtec.cat\/escolalavilapalamos\/wp-json\/wp\/v2\/users\/132"}],"replies":[{"embeddable":true,"href":"https:\/\/agora.xtec.cat\/escolalavilapalamos\/wp-json\/wp\/v2\/comments?post=14213"}],"version-history":[{"count":1,"href":"https:\/\/agora.xtec.cat\/escolalavilapalamos\/wp-json\/wp\/v2\/posts\/14213\/revisions"}],"predecessor-version":[{"id":14214,"href":"https:\/\/agora.xtec.cat\/escolalavilapalamos\/wp-json\/wp\/v2\/posts\/14213\/revisions\/14214"}],"wp:attachment":[{"href":"https:\/\/agora.xtec.cat\/escolalavilapalamos\/wp-json\/wp\/v2\/media?parent=14213"}],"wp:term":[{"taxonomy":"category","embeddable":true,"href":"https:\/\/agora.xtec.cat\/escolalavilapalamos\/wp-json\/wp\/v2\/categories?post=14213"},{"taxonomy":"post_tag","embeddable":true,"href":"https:\/\/agora.xtec.cat\/escolalavilapalamos\/wp-json\/wp\/v2\/tags?post=14213"}],"curies":[{"name":"wp","href":"https:\/\/api.w.org\/{rel}","templated":true}]}}