{"id":14207,"date":"2024-01-25T08:37:57","date_gmt":"2024-01-25T07:37:57","guid":{"rendered":"https:\/\/agora.xtec.cat\/escolalavilapalamos\/?p=14207"},"modified":"2024-01-25T08:37:57","modified_gmt":"2024-01-25T07:37:57","slug":"el-trencanous","status":"publish","type":"post","link":"https:\/\/agora.xtec.cat\/escolalavilapalamos\/general\/el-trencanous\/","title":{"rendered":"El Trencanous"},"content":{"rendered":"<p><span style=\"font-weight: 400;\">El Trencanous \u00e9s una obra de ballet amb partitura de Txaikovski, estrenada el 18 de desembre de 1892. Amb els i les alumnes de 4t, a\u00a0 les hores de\u00a0 m\u00fasica,\u00a0 hem treballat aquesta bonica hist\u00f2ria a trav\u00e9s del conte i les escenes de ballet m\u00e9s representatives de l\u2019obra. Per finalitzar el proc\u00e9s hem creat uns cartells amb preguntes i les imatges dels principals protagonistes del conte.\u00a0<\/span><span style=\"font-weight: 400;\">Hem gaudit treballant aquesta bonica hist\u00f2ria que ens transporta a un m\u00f3n de m\u00e0gia, m\u00fasica i dansa.\u00a0<\/span><\/p>\n<p><a href=\"https:\/\/drive.google.com\/drive\/u\/0\/folders\/19Xx0_0AaXEq3V0mWTvvhS0UthxrYMGpR\">TRENCANOUS<\/a><\/p>\n<p><img loading=\"lazy\" decoding=\"async\" class=\"aligncenter\" src=\"https:\/\/www.girona.cat\/adminwebs\/docs\/1\/2\/12_26_El_Trencanous_petita_62972b35e5427.jpg\" alt=\"El Trencanous | Auditori de Girona\" width=\"330\" height=\"186\" \/><\/p>\n","protected":false},"excerpt":{"rendered":"<p>El Trencanous \u00e9s una obra de ballet amb partitura de Txaikovski, estrenada el 18 de desembre de 1892. Amb els i les alumnes de 4t, a\u00a0 les hores de\u00a0 m\u00fasica,\u00a0 hem treballat aquesta bonica hist\u00f2ria a trav\u00e9s del conte i les escenes de ballet m\u00e9s&hellip;  <a href=\"https:\/\/agora.xtec.cat\/escolalavilapalamos\/general\/el-trencanous\/\" title=\"Read El Trencanous\">Llegeix m\u00e9s\u00bb<\/a><\/p>\n","protected":false},"author":132,"featured_media":0,"comment_status":"open","ping_status":"closed","sticky":false,"template":"","format":"standard","meta":{"_bbp_topic_count":0,"_bbp_reply_count":0,"_bbp_total_topic_count":0,"_bbp_total_reply_count":0,"_bbp_voice_count":0,"_bbp_anonymous_reply_count":0,"_bbp_topic_count_hidden":0,"_bbp_reply_count_hidden":0,"_bbp_forum_subforum_count":0,"footnotes":""},"categories":[128,1,4],"tags":[],"class_list":["post-14207","post","type-post","status-publish","format-standard","hentry","category-comunitat-de-grans","category-general","category-portada"],"post_mailing_queue_ids":[],"_links":{"self":[{"href":"https:\/\/agora.xtec.cat\/escolalavilapalamos\/wp-json\/wp\/v2\/posts\/14207","targetHints":{"allow":["GET"]}}],"collection":[{"href":"https:\/\/agora.xtec.cat\/escolalavilapalamos\/wp-json\/wp\/v2\/posts"}],"about":[{"href":"https:\/\/agora.xtec.cat\/escolalavilapalamos\/wp-json\/wp\/v2\/types\/post"}],"author":[{"embeddable":true,"href":"https:\/\/agora.xtec.cat\/escolalavilapalamos\/wp-json\/wp\/v2\/users\/132"}],"replies":[{"embeddable":true,"href":"https:\/\/agora.xtec.cat\/escolalavilapalamos\/wp-json\/wp\/v2\/comments?post=14207"}],"version-history":[{"count":2,"href":"https:\/\/agora.xtec.cat\/escolalavilapalamos\/wp-json\/wp\/v2\/posts\/14207\/revisions"}],"predecessor-version":[{"id":14209,"href":"https:\/\/agora.xtec.cat\/escolalavilapalamos\/wp-json\/wp\/v2\/posts\/14207\/revisions\/14209"}],"wp:attachment":[{"href":"https:\/\/agora.xtec.cat\/escolalavilapalamos\/wp-json\/wp\/v2\/media?parent=14207"}],"wp:term":[{"taxonomy":"category","embeddable":true,"href":"https:\/\/agora.xtec.cat\/escolalavilapalamos\/wp-json\/wp\/v2\/categories?post=14207"},{"taxonomy":"post_tag","embeddable":true,"href":"https:\/\/agora.xtec.cat\/escolalavilapalamos\/wp-json\/wp\/v2\/tags?post=14207"}],"curies":[{"name":"wp","href":"https:\/\/api.w.org\/{rel}","templated":true}]}}