{"id":14196,"date":"2024-01-22T14:30:06","date_gmt":"2024-01-22T13:30:06","guid":{"rendered":"https:\/\/agora.xtec.cat\/escolalavilapalamos\/?p=14196"},"modified":"2024-01-22T14:33:30","modified_gmt":"2024-01-22T13:33:30","slug":"1r-i-2n-anem-al-teatre","status":"publish","type":"post","link":"https:\/\/agora.xtec.cat\/escolalavilapalamos\/general\/1r-i-2n-anem-al-teatre\/","title":{"rendered":"1r i 2n Anem al teatre"},"content":{"rendered":"<div>El dijous 18 de gener l&#8217;alumnat de primer i segon v\u00e0rem assistir a una funci\u00f3 de dansa contempor\u00e0nia a La Gorga. L&#8217;espectacle portava per nom Terra. Les 3 ballarines que hi actuaven, amb les seves danses, interactuaven amb diferents elements que estimulaven la imaginaci\u00f3 dels infants i els fascinaven. Va ser un espectacle de llum i so que ens va captivar.<\/div>\n<div><\/div>\n<div>La finalitat d&#8217;aquesta obra \u00e9s conscienciar-nos que cal cuidar el planeta on vivim perqu\u00e8 ens proporciona tot el que ens cal per viure. Els infants varen gaudir-ne molt.<\/div>\n<div><a href=\"https:\/\/agora.xtec.cat\/escolalavilapalamos\/wp-content\/uploads\/usu897\/2024\/01\/teatre.png\"><img loading=\"lazy\" decoding=\"async\" class=\"alignleft size-full wp-image-14198\" src=\"https:\/\/agora.xtec.cat\/escolalavilapalamos\/wp-content\/uploads\/usu897\/2024\/01\/teatre.png\" alt=\"\" width=\"900\" height=\"600\" srcset=\"https:\/\/agora.xtec.cat\/escolalavilapalamos\/wp-content\/uploads\/usu897\/2024\/01\/teatre.png 900w, https:\/\/agora.xtec.cat\/escolalavilapalamos\/wp-content\/uploads\/usu897\/2024\/01\/teatre-300x200.png 300w, https:\/\/agora.xtec.cat\/escolalavilapalamos\/wp-content\/uploads\/usu897\/2024\/01\/teatre-768x512.png 768w\" sizes=\"auto, (max-width: 900px) 100vw, 900px\" \/><\/a><\/div>\n","protected":false},"excerpt":{"rendered":"<p>El dijous 18 de gener l&#8217;alumnat de primer i segon v\u00e0rem assistir a una funci\u00f3 de dansa contempor\u00e0nia a La Gorga. L&#8217;espectacle portava per nom Terra. Les 3 ballarines que hi actuaven, amb les seves danses, interactuaven amb diferents elements que estimulaven la imaginaci\u00f3 dels&hellip;  <a href=\"https:\/\/agora.xtec.cat\/escolalavilapalamos\/general\/1r-i-2n-anem-al-teatre\/\" title=\"Read 1r i 2n Anem al teatre\">Llegeix m\u00e9s\u00bb<\/a><\/p>\n","protected":false},"author":131,"featured_media":0,"comment_status":"open","ping_status":"closed","sticky":false,"template":"","format":"standard","meta":{"_bbp_topic_count":0,"_bbp_reply_count":0,"_bbp_total_topic_count":0,"_bbp_total_reply_count":0,"_bbp_voice_count":0,"_bbp_anonymous_reply_count":0,"_bbp_topic_count_hidden":0,"_bbp_reply_count_hidden":0,"_bbp_forum_subforum_count":0,"footnotes":""},"categories":[127,1,4,5],"tags":[],"class_list":["post-14196","post","type-post","status-publish","format-standard","hentry","category-comunitat-de-mitjans","category-general","category-portada","category-primaria"],"post_mailing_queue_ids":[],"_links":{"self":[{"href":"https:\/\/agora.xtec.cat\/escolalavilapalamos\/wp-json\/wp\/v2\/posts\/14196","targetHints":{"allow":["GET"]}}],"collection":[{"href":"https:\/\/agora.xtec.cat\/escolalavilapalamos\/wp-json\/wp\/v2\/posts"}],"about":[{"href":"https:\/\/agora.xtec.cat\/escolalavilapalamos\/wp-json\/wp\/v2\/types\/post"}],"author":[{"embeddable":true,"href":"https:\/\/agora.xtec.cat\/escolalavilapalamos\/wp-json\/wp\/v2\/users\/131"}],"replies":[{"embeddable":true,"href":"https:\/\/agora.xtec.cat\/escolalavilapalamos\/wp-json\/wp\/v2\/comments?post=14196"}],"version-history":[{"count":3,"href":"https:\/\/agora.xtec.cat\/escolalavilapalamos\/wp-json\/wp\/v2\/posts\/14196\/revisions"}],"predecessor-version":[{"id":14200,"href":"https:\/\/agora.xtec.cat\/escolalavilapalamos\/wp-json\/wp\/v2\/posts\/14196\/revisions\/14200"}],"wp:attachment":[{"href":"https:\/\/agora.xtec.cat\/escolalavilapalamos\/wp-json\/wp\/v2\/media?parent=14196"}],"wp:term":[{"taxonomy":"category","embeddable":true,"href":"https:\/\/agora.xtec.cat\/escolalavilapalamos\/wp-json\/wp\/v2\/categories?post=14196"},{"taxonomy":"post_tag","embeddable":true,"href":"https:\/\/agora.xtec.cat\/escolalavilapalamos\/wp-json\/wp\/v2\/tags?post=14196"}],"curies":[{"name":"wp","href":"https:\/\/api.w.org\/{rel}","templated":true}]}}