{"id":14173,"date":"2024-01-19T16:14:07","date_gmt":"2024-01-19T15:14:07","guid":{"rendered":"https:\/\/agora.xtec.cat\/escolalavilapalamos\/?p=14173"},"modified":"2024-01-19T16:14:07","modified_gmt":"2024-01-19T15:14:07","slug":"la-rotllana","status":"publish","type":"post","link":"https:\/\/agora.xtec.cat\/escolalavilapalamos\/general\/la-rotllana\/","title":{"rendered":"LA  ROTLLANA"},"content":{"rendered":"<p style=\"text-align: center;\"><span style=\"color: #000000;\"><b>LA ROTLLANA<\/b><\/span><\/p>\n<p><img loading=\"lazy\" decoding=\"async\" class=\"wp-image-14189 alignleft\" src=\"https:\/\/agora.xtec.cat\/escolalavilapalamos\/wp-content\/uploads\/usu897\/2024\/01\/1705656281378-1024x641.jpg\" alt=\"\" width=\"243\" height=\"152\" srcset=\"https:\/\/agora.xtec.cat\/escolalavilapalamos\/wp-content\/uploads\/usu897\/2024\/01\/1705656281378-1024x641.jpg 1024w, https:\/\/agora.xtec.cat\/escolalavilapalamos\/wp-content\/uploads\/usu897\/2024\/01\/1705656281378-300x188.jpg 300w, https:\/\/agora.xtec.cat\/escolalavilapalamos\/wp-content\/uploads\/usu897\/2024\/01\/1705656281378-768x481.jpg 768w, https:\/\/agora.xtec.cat\/escolalavilapalamos\/wp-content\/uploads\/usu897\/2024\/01\/1705656281378-1536x961.jpg 1536w, https:\/\/agora.xtec.cat\/escolalavilapalamos\/wp-content\/uploads\/usu897\/2024\/01\/1705656281378.jpg 1894w\" sizes=\"auto, (max-width: 243px) 100vw, 243px\" \/><\/p>\n<p style=\"text-align: justify;\"><span style=\"font-weight: 400;\">\u201c La rot<span style=\"font-family: inherit; font-size: 1em;\">llana \u00e9s l\u2019espai on aprenem a vincular-nos i a compartir les petites-grans coses de cada dia que formen part de la \u201cvida\u201d dels nens\/es del grup. S\u2019hi aboquen emocions, s\u2019hi aprenen habilitats, s\u2019hi mostren progressos, s\u2019hi projecta la creativitat, s\u2019hi compartexien les descobertes i s\u2019hi fan cr\u00e9ixer els aprenentatges i els diferents llenguatges dels infants\u201d<\/span><\/span><\/p>\n<p style=\"text-align: justify;\"><span style=\"font-weight: 400;\">A Infantil \u00e9s molt important el temps que dediquem a la rotllana. \u00c9s una bona eina quotidiana per observar l\u2019evoluci\u00f3 dels m\u00e9s petits a trav\u00e9s de les seves aportacions i per fer cr\u00e9ixer els\u00a0 vincles afectius amb un mateix, els altres i l\u2019entorn. \u00c9s per tot aix\u00f2 q<\/span><span style=\"font-weight: 400;\">ue els nens\/es de la Comunitat de petits iniciem el dia fent rotllana on realitzem tota una s\u00e8rie de rutines i activitats com les seg\u00fcents:\u00a0<\/span><\/p>\n<p><b>PASSEM LLISTA: <\/b><span style=\"font-weight: 400;\">cada nen\/a enganxa el seu nom en un panell. L\u2019encarregat\u00a0 \u00e9s<\/span><span style=\"font-family: inherit; font-size: 1em;\">\u00a0qui diu bon d<\/span><span style=\"font-family: inherit; font-size: 1em;\">ia als companys i compta els infants que hi ha a l\u2019escola, els que es queden a dinar\u00a0 i els que no han vingut.<\/span><\/p>\n<p><img loading=\"lazy\" decoding=\"async\" class=\"aligncenter wp-image-14191\" src=\"https:\/\/agora.xtec.cat\/escolalavilapalamos\/wp-content\/uploads\/usu897\/2024\/01\/1705656593190-1015x1024.jpg\" alt=\"\" width=\"182\" height=\"183\" srcset=\"https:\/\/agora.xtec.cat\/escolalavilapalamos\/wp-content\/uploads\/usu897\/2024\/01\/1705656593190-1015x1024.jpg 1015w, https:\/\/agora.xtec.cat\/escolalavilapalamos\/wp-content\/uploads\/usu897\/2024\/01\/1705656593190-297x300.jpg 297w, https:\/\/agora.xtec.cat\/escolalavilapalamos\/wp-content\/uploads\/usu897\/2024\/01\/1705656593190-150x150.jpg 150w, https:\/\/agora.xtec.cat\/escolalavilapalamos\/wp-content\/uploads\/usu897\/2024\/01\/1705656593190-768x775.jpg 768w, https:\/\/agora.xtec.cat\/escolalavilapalamos\/wp-content\/uploads\/usu897\/2024\/01\/1705656593190.jpg 1219w\" sizes=\"auto, (max-width: 182px) 100vw, 182px\" \/><\/p>\n<p><b>QUIN DIA \u00c9S?: <\/b><span style=\"font-weight: 400;\">\u00a0entre tots mirem quin dia de la setmana \u00e9s. Per cada <\/span><span style=\"font-weight: 400;\">dia tenim<img loading=\"lazy\" decoding=\"async\" class=\"alignright wp-image-14180\" src=\"https:\/\/agora.xtec.cat\/escolalavilapalamos\/wp-content\/uploads\/usu897\/2024\/01\/1705536769720-COLLAGE-1024x1024.jpg\" alt=\"\" width=\"166\" height=\"166\" srcset=\"https:\/\/agora.xtec.cat\/escolalavilapalamos\/wp-content\/uploads\/usu897\/2024\/01\/1705536769720-COLLAGE-1024x1024.jpg 1024w, https:\/\/agora.xtec.cat\/escolalavilapalamos\/wp-content\/uploads\/usu897\/2024\/01\/1705536769720-COLLAGE-300x300.jpg 300w, https:\/\/agora.xtec.cat\/escolalavilapalamos\/wp-content\/uploads\/usu897\/2024\/01\/1705536769720-COLLAGE-150x150.jpg 150w, https:\/\/agora.xtec.cat\/escolalavilapalamos\/wp-content\/uploads\/usu897\/2024\/01\/1705536769720-COLLAGE-768x768.jpg 768w, https:\/\/agora.xtec.cat\/escolalavilapalamos\/wp-content\/uploads\/usu897\/2024\/01\/1705536769720-COLLAGE-1536x1536.jpg 1536w, https:\/\/agora.xtec.cat\/escolalavilapalamos\/wp-content\/uploads\/usu897\/2024\/01\/1705536769720-COLLAGE.jpg 1833w\" sizes=\"auto, (max-width: 166px) 100vw, 166px\" \/> un cartell amb el nom i un ninotet de fusta dins un cercle. L\u2019encarregat ha d\u2019e<\/span><span style=\"font-weight: 400;\">nganxar el cartellet i extreure el ninotet del cercle corresponent al dia. D\u2019aquesta manera podem comptar quants dies han passat, quants queden d\u2019escola,&#8230; Tot seguit en el calendari busquem el dia i dibuixem el temps que fa. Tamb\u00e9 observem quins esdevenients hi ha previstos al llarg del mes i comptem quants dies falten.<\/span><\/p>\n<p>&nbsp;<\/p>\n<p><b style=\"font-family: inherit; font-size: 1em; text-align: justify;\"><span style=\"font-weight: 400;\"><img loading=\"lazy\" decoding=\"async\" class=\"wp-image-14179 alignleft\" src=\"https:\/\/agora.xtec.cat\/escolalavilapalamos\/wp-content\/uploads\/usu897\/2024\/01\/IMG_20240118_010651-1024x572.jpg\" alt=\"\" width=\"204\" height=\"114\" srcset=\"https:\/\/agora.xtec.cat\/escolalavilapalamos\/wp-content\/uploads\/usu897\/2024\/01\/IMG_20240118_010651-1024x572.jpg 1024w, https:\/\/agora.xtec.cat\/escolalavilapalamos\/wp-content\/uploads\/usu897\/2024\/01\/IMG_20240118_010651-300x168.jpg 300w, https:\/\/agora.xtec.cat\/escolalavilapalamos\/wp-content\/uploads\/usu897\/2024\/01\/IMG_20240118_010651-768x429.jpg 768w, https:\/\/agora.xtec.cat\/escolalavilapalamos\/wp-content\/uploads\/usu897\/2024\/01\/IMG_20240118_010651-1536x858.jpg 1536w, https:\/\/agora.xtec.cat\/escolalavilapalamos\/wp-content\/uploads\/usu897\/2024\/01\/IMG_20240118_010651-2048x1144.jpg 2048w\" sizes=\"auto, (max-width: 204px) 100vw, 204px\" \/><\/span><\/b><\/p>\n<p style=\"text-align: justify;\"><b>EL PANELL VISUAL:<\/b><span style=\"font-weight: 400;\">\u00a0 La funci\u00f3 d\u2019aquest<\/span><span style=\"font-weight: 400;\"> panell \u00e9s ajudar-nos\u00a0 a organitzar el dia a dia d\u2019una manera molt visual. Amb aquest, els infants poden comprendre quines activitats i rutines han de realitzar, l\u2019ordre en que succeiran i el lloc on es faran.<\/span><\/p>\n<p style=\"text-align: justify;\"><span style=\"font-weight: 400;\"><img loading=\"lazy\" decoding=\"async\" class=\"size-full wp-image-14178 alignright\" src=\"https:\/\/agora.xtec.cat\/escolalavilapalamos\/wp-content\/uploads\/usu897\/2024\/01\/praxies.png\" alt=\"\" width=\"263\" height=\"148\" \/><\/span><\/p>\n<p>&nbsp;<\/p>\n<p style=\"text-align: justify;\"><b>PR\u00c0XIES: <\/b><span style=\"font-weight: 400;\">s\u00f3n uns exercicis que es fan amb els \u00f2rgans bucofonadors per tal d&#8217;enfortir, tonificar i exercitar la mobilitat dels<\/span><span style=\"color: #000000;\"> llavis, llengua i\/o mand\u00edbula.<\/span><\/p>\n<p>&nbsp;<\/p>\n<p style=\"text-align: justify;\"><span style=\"font-weight: 400;\">A banda de tot aix\u00f2,\u00a0 tamb\u00e9 realitzem tota una s\u00e8rie d\u2019activitats per treballar l\u2019alfabet fon\u00e8tic, el raonament l\u00f2gico-matem\u00e0tic, la conversa,\u00a0 l\u2019escolta activa\u2026 <\/span><span style=\"font-weight: 400;\">I no podem oblidar que, tamb\u00e9, la rotllana \u00e9s un espai m\u00e0gic on somiar i deixar volar la imaginaci\u00f3 amb els contes, els poemes i les can\u00e7ons.<\/span><\/p>\n","protected":false},"excerpt":{"rendered":"<p>LA ROTLLANA<\/p>\n<p>\u201c La rotllana \u00e9s l\u2019espai on aprenem a vincular-nos i a compartir les petites-grans coses de cada dia que formen part de la \u201cvida\u201d dels nens\/es del grup. S\u2019hi aboquen emocions, s\u2019hi aprenen habilitats, s\u2019hi mostren progressos, s\u2019hi projecta la creativitat, s\u2019hi compartexien les&hellip;  <a href=\"https:\/\/agora.xtec.cat\/escolalavilapalamos\/general\/la-rotllana\/\" title=\"Read LA  ROTLLANA\">Llegeix m\u00e9s\u00bb<\/a><\/p>\n","protected":false},"author":128,"featured_media":0,"comment_status":"open","ping_status":"closed","sticky":false,"template":"","format":"standard","meta":{"_bbp_topic_count":0,"_bbp_reply_count":0,"_bbp_total_topic_count":0,"_bbp_total_reply_count":0,"_bbp_voice_count":0,"_bbp_anonymous_reply_count":0,"_bbp_topic_count_hidden":0,"_bbp_reply_count_hidden":0,"_bbp_forum_subforum_count":0,"footnotes":""},"categories":[2,1,4,5],"tags":[],"class_list":["post-14173","post","type-post","status-publish","format-standard","hentry","category-infantil","category-general","category-portada","category-primaria"],"post_mailing_queue_ids":[],"_links":{"self":[{"href":"https:\/\/agora.xtec.cat\/escolalavilapalamos\/wp-json\/wp\/v2\/posts\/14173","targetHints":{"allow":["GET"]}}],"collection":[{"href":"https:\/\/agora.xtec.cat\/escolalavilapalamos\/wp-json\/wp\/v2\/posts"}],"about":[{"href":"https:\/\/agora.xtec.cat\/escolalavilapalamos\/wp-json\/wp\/v2\/types\/post"}],"author":[{"embeddable":true,"href":"https:\/\/agora.xtec.cat\/escolalavilapalamos\/wp-json\/wp\/v2\/users\/128"}],"replies":[{"embeddable":true,"href":"https:\/\/agora.xtec.cat\/escolalavilapalamos\/wp-json\/wp\/v2\/comments?post=14173"}],"version-history":[{"count":6,"href":"https:\/\/agora.xtec.cat\/escolalavilapalamos\/wp-json\/wp\/v2\/posts\/14173\/revisions"}],"predecessor-version":[{"id":14194,"href":"https:\/\/agora.xtec.cat\/escolalavilapalamos\/wp-json\/wp\/v2\/posts\/14173\/revisions\/14194"}],"wp:attachment":[{"href":"https:\/\/agora.xtec.cat\/escolalavilapalamos\/wp-json\/wp\/v2\/media?parent=14173"}],"wp:term":[{"taxonomy":"category","embeddable":true,"href":"https:\/\/agora.xtec.cat\/escolalavilapalamos\/wp-json\/wp\/v2\/categories?post=14173"},{"taxonomy":"post_tag","embeddable":true,"href":"https:\/\/agora.xtec.cat\/escolalavilapalamos\/wp-json\/wp\/v2\/tags?post=14173"}],"curies":[{"name":"wp","href":"https:\/\/api.w.org\/{rel}","templated":true}]}}