{"id":14167,"date":"2024-01-16T11:10:16","date_gmt":"2024-01-16T10:10:16","guid":{"rendered":"https:\/\/agora.xtec.cat\/escolalavilapalamos\/?p=14167"},"modified":"2024-01-16T11:10:16","modified_gmt":"2024-01-16T10:10:16","slug":"projecte-de-musica-a-6e","status":"publish","type":"post","link":"https:\/\/agora.xtec.cat\/escolalavilapalamos\/general\/projecte-de-musica-a-6e\/","title":{"rendered":"Projecte de m\u00fasica a 6\u00e8"},"content":{"rendered":"<p>Els i les alumnes de 6\u00e8 hem dedicat v\u00e0ries sessions de m\u00fasica a preparar el projecte: Can\u00e7ons i can\u00e7onetes. En petits grups han escollit una can\u00e7\u00f3 infantil i han decidit com i de quina manera la volien interpretar davant dels alumnes de la comunitat de petits. Una tasca que ha sigut molt enriquidora i al mateix temps d&#8217;aprenentatge. Els nens i nenes d&#8217;infantil ho han gaudit molt!<\/p>\n<p>En el seg\u00fcent enlla\u00e7 teniu un v\u00eddeo amb una petita mostra del que ha sigut aquesta experi\u00e8ncia.<\/p>\n<p><a href=\"https:\/\/drive.google.com\/drive\/u\/0\/folders\/1UqC2ckHHzqbCZtGcGKylMjqMX0ONaw9D\">https:\/\/drive.google.com\/drive\/u\/0\/folders\/1UqC2ckHHzqbCZtGcGKylMjqMX0ONaw9D<\/a><\/p>\n<p><a href=\"https:\/\/agora.xtec.cat\/escolalavilapalamos\/wp-content\/uploads\/usu897\/2024\/01\/WhatsApp-Image-2024-01-16-at-11.06.17.jpeg\"><img loading=\"lazy\" decoding=\"async\" class=\"wp-image-14169 aligncenter\" src=\"https:\/\/agora.xtec.cat\/escolalavilapalamos\/wp-content\/uploads\/usu897\/2024\/01\/WhatsApp-Image-2024-01-16-at-11.06.17-300x135.jpeg\" alt=\"\" width=\"351\" height=\"158\" srcset=\"https:\/\/agora.xtec.cat\/escolalavilapalamos\/wp-content\/uploads\/usu897\/2024\/01\/WhatsApp-Image-2024-01-16-at-11.06.17-300x135.jpeg 300w, https:\/\/agora.xtec.cat\/escolalavilapalamos\/wp-content\/uploads\/usu897\/2024\/01\/WhatsApp-Image-2024-01-16-at-11.06.17-1024x462.jpeg 1024w, https:\/\/agora.xtec.cat\/escolalavilapalamos\/wp-content\/uploads\/usu897\/2024\/01\/WhatsApp-Image-2024-01-16-at-11.06.17-768x346.jpeg 768w, https:\/\/agora.xtec.cat\/escolalavilapalamos\/wp-content\/uploads\/usu897\/2024\/01\/WhatsApp-Image-2024-01-16-at-11.06.17-1536x692.jpeg 1536w, https:\/\/agora.xtec.cat\/escolalavilapalamos\/wp-content\/uploads\/usu897\/2024\/01\/WhatsApp-Image-2024-01-16-at-11.06.17.jpeg 2048w\" sizes=\"auto, (max-width: 351px) 100vw, 351px\" \/><\/a><\/p>\n","protected":false},"excerpt":{"rendered":"<p>Els i les alumnes de 6\u00e8 hem dedicat v\u00e0ries sessions de m\u00fasica a preparar el projecte: Can\u00e7ons i can\u00e7onetes. En petits grups han escollit una can\u00e7\u00f3 infantil i han decidit com i de quina manera la volien interpretar davant dels alumnes de la comunitat de&hellip;  <a href=\"https:\/\/agora.xtec.cat\/escolalavilapalamos\/general\/projecte-de-musica-a-6e\/\" title=\"Read Projecte de m\u00fasica a 6\u00e8\">Llegeix m\u00e9s\u00bb<\/a><\/p>\n","protected":false},"author":132,"featured_media":0,"comment_status":"open","ping_status":"closed","sticky":false,"template":"","format":"standard","meta":{"_bbp_topic_count":0,"_bbp_reply_count":0,"_bbp_total_topic_count":0,"_bbp_total_reply_count":0,"_bbp_voice_count":0,"_bbp_anonymous_reply_count":0,"_bbp_topic_count_hidden":0,"_bbp_reply_count_hidden":0,"_bbp_forum_subforum_count":0,"footnotes":""},"categories":[128,2,67,1,5],"tags":[],"class_list":["post-14167","post","type-post","status-publish","format-standard","hentry","category-comunitat-de-grans","category-infantil","category-especialistes","category-general","category-primaria"],"post_mailing_queue_ids":[],"_links":{"self":[{"href":"https:\/\/agora.xtec.cat\/escolalavilapalamos\/wp-json\/wp\/v2\/posts\/14167","targetHints":{"allow":["GET"]}}],"collection":[{"href":"https:\/\/agora.xtec.cat\/escolalavilapalamos\/wp-json\/wp\/v2\/posts"}],"about":[{"href":"https:\/\/agora.xtec.cat\/escolalavilapalamos\/wp-json\/wp\/v2\/types\/post"}],"author":[{"embeddable":true,"href":"https:\/\/agora.xtec.cat\/escolalavilapalamos\/wp-json\/wp\/v2\/users\/132"}],"replies":[{"embeddable":true,"href":"https:\/\/agora.xtec.cat\/escolalavilapalamos\/wp-json\/wp\/v2\/comments?post=14167"}],"version-history":[{"count":3,"href":"https:\/\/agora.xtec.cat\/escolalavilapalamos\/wp-json\/wp\/v2\/posts\/14167\/revisions"}],"predecessor-version":[{"id":14172,"href":"https:\/\/agora.xtec.cat\/escolalavilapalamos\/wp-json\/wp\/v2\/posts\/14167\/revisions\/14172"}],"wp:attachment":[{"href":"https:\/\/agora.xtec.cat\/escolalavilapalamos\/wp-json\/wp\/v2\/media?parent=14167"}],"wp:term":[{"taxonomy":"category","embeddable":true,"href":"https:\/\/agora.xtec.cat\/escolalavilapalamos\/wp-json\/wp\/v2\/categories?post=14167"},{"taxonomy":"post_tag","embeddable":true,"href":"https:\/\/agora.xtec.cat\/escolalavilapalamos\/wp-json\/wp\/v2\/tags?post=14167"}],"curies":[{"name":"wp","href":"https:\/\/api.w.org\/{rel}","templated":true}]}}