{"id":14162,"date":"2024-01-11T11:26:10","date_gmt":"2024-01-11T10:26:10","guid":{"rendered":"https:\/\/agora.xtec.cat\/escolalavilapalamos\/?p=14162"},"modified":"2024-01-11T11:26:10","modified_gmt":"2024-01-11T10:26:10","slug":"habits-rutines-i-autoavaluacio-a-i3","status":"publish","type":"post","link":"https:\/\/agora.xtec.cat\/escolalavilapalamos\/general\/habits-rutines-i-autoavaluacio-a-i3\/","title":{"rendered":"H\u00c0BITS , RUTINES I AUTOAVALUACI\u00d3 A I3"},"content":{"rendered":"<p><a name=\"docs-internal-guid-a86f612a-7fff-d242-6c5f-2c292077bc7a\"><\/a> <span style=\"font-family: Arial, sans-serif;\"><span style=\"color: #000000;\"><span style=\"font-size: medium;\">Benestar<\/span><\/span> <span style=\"color: #000000;\"><span style=\"font-size: medium;\">i aprenentatge s\u00f3n dos termes \u00edntimament lligats.<\/span><\/span> <\/span><\/p>\n<p><a name=\"docs-internal-guid-8526a808-7fff-85ff-1cfc-a58f5849cbd6\"><\/a> <span style=\"font-family: Arial, sans-serif;\"><span style=\"color: #000000;\"><span style=\"font-size: medium;\">En aquest sentit, tot el temps dels infants a l\u2019escola \u00e9s educatiu. El treball dels h\u00e0bits i les rutines ens ajuden en la organitzaci\u00f3 del temps : planificar-lo adequadament pot afavorir o dificultar l\u2019activitat i el joc dels infants.<\/span><\/span><\/span><\/p>\n<p align=\"justify\"><span style=\"font-family: Arial, sans-serif;\"><span style=\"color: #000000;\"><span style=\"font-size: medium;\">Per aquest motiu, l\u2019organitzaci\u00f3 de les activitats quotidianes, de cada dia, i la seva seq\u00fcenciaci\u00f3 ordenada s\u00f3n elements educatius molt importants. <\/span><\/span><\/span><\/p>\n<p align=\"justify\"><span style=\"font-family: Arial, sans-serif;\"><span style=\"color: #000000;\"><span style=\"font-size: medium;\">A l\u2019escola seguim un horari<\/span><\/span> <span style=\"color: #000000;\"><span style=\"font-size: medium;\">for\u00e7a repetitiu<\/span><\/span> <span style=\"color: #000000;\"><span style=\"font-size: medium;\">i flexible, aix<\/span><\/span><\/span><span style=\"font-family: Arial, sans-serif;\"><span style=\"color: #000000;\"><span style=\"font-size: medium;\">\u00f2 permet als infants anticipar tot all\u00f2 que faran a l\u2019escola i, per tant, els dona seguretat i, alhora, ens permet, a les mestres, recollir els interessos dels nens i nenes <\/span><\/span><span style=\"color: #000000;\"><span style=\"font-size: medium;\">a l\u2019estona de conversa a la rotl<\/span><\/span><span style=\"color: #000000;\"><span style=\"font-size: medium;\">l<\/span><\/span><span style=\"color: #000000;\"><span style=\"font-size: medium;\">ana<\/span><\/span><span style=\"color: #000000;\"><span style=\"font-size: medium;\"> i incorporar situacions no previstes en el seu dia a dia.<\/span><\/span><\/span><\/p>\n<p align=\"justify\"><span style=\"font-family: Arial, sans-serif;\"><span style=\"color: #000000;\"><span style=\"font-size: medium;\">Hem volgut fer part\u00edcips als infants del seu proc\u00e9s d\u2019autoregulaci\u00f3 i aprenentatge. Hem creat unes bases d\u2019orientaci\u00f3 a on hem consensuat quines s\u00f3n les r\u00fabriques que treballem. La r\u00fabrica \u00e9s una eina que descriu els possibles nivells de realitzaci\u00f3 d\u2019una o m\u00e9s tasques i que ajuda als infants a situar-se i con\u00e8ixer en quin punt es troben durant el proc\u00e9s d\u2019aprenentatge.<\/span><\/span><\/span><\/p>\n<p align=\"justify\"><img loading=\"lazy\" decoding=\"async\" class=\"aligncenter wp-image-14164\" src=\"https:\/\/agora.xtec.cat\/escolalavilapalamos\/wp-content\/uploads\/usu897\/2024\/01\/IMG_20240110_130044-768x1024.jpg\" alt=\"\" width=\"307\" height=\"409\" srcset=\"https:\/\/agora.xtec.cat\/escolalavilapalamos\/wp-content\/uploads\/usu897\/2024\/01\/IMG_20240110_130044-768x1024.jpg 768w, https:\/\/agora.xtec.cat\/escolalavilapalamos\/wp-content\/uploads\/usu897\/2024\/01\/IMG_20240110_130044-225x300.jpg 225w, https:\/\/agora.xtec.cat\/escolalavilapalamos\/wp-content\/uploads\/usu897\/2024\/01\/IMG_20240110_130044-1152x1536.jpg 1152w, https:\/\/agora.xtec.cat\/escolalavilapalamos\/wp-content\/uploads\/usu897\/2024\/01\/IMG_20240110_130044-1536x2048.jpg 1536w, https:\/\/agora.xtec.cat\/escolalavilapalamos\/wp-content\/uploads\/usu897\/2024\/01\/IMG_20240110_130044-scaled.jpg 1920w\" sizes=\"auto, (max-width: 307px) 100vw, 307px\" \/><\/p>\n","protected":false},"excerpt":{"rendered":"<p><a name=\"docs-internal-guid-a86f612a-7fff-d242-6c5f-2c292077bc7a\"><\/a> Benestar i aprenentatge s\u00f3n dos termes \u00edntimament lligats.<br \/>\n<a name=\"docs-internal-guid-8526a808-7fff-85ff-1cfc-a58f5849cbd6\"><\/a> En aquest sentit, tot el temps dels infants a l\u2019escola \u00e9s educatiu. El treball dels h\u00e0bits i les rutines ens ajuden en la organitzaci\u00f3 del temps : planificar-lo adequadament pot afavorir o dificultar&hellip;  <a href=\"https:\/\/agora.xtec.cat\/escolalavilapalamos\/general\/habits-rutines-i-autoavaluacio-a-i3\/\" title=\"Read H\u00c0BITS , RUTINES I AUTOAVALUACI\u00d3 A I3\">Llegeix m\u00e9s\u00bb<\/a><\/p>\n","protected":false},"author":128,"featured_media":14164,"comment_status":"open","ping_status":"closed","sticky":false,"template":"","format":"standard","meta":{"_bbp_topic_count":0,"_bbp_reply_count":0,"_bbp_total_topic_count":0,"_bbp_total_reply_count":0,"_bbp_voice_count":0,"_bbp_anonymous_reply_count":0,"_bbp_topic_count_hidden":0,"_bbp_reply_count_hidden":0,"_bbp_forum_subforum_count":0,"footnotes":""},"categories":[2,1,4],"tags":[],"class_list":["post-14162","post","type-post","status-publish","format-standard","has-post-thumbnail","hentry","category-infantil","category-general","category-portada"],"post_mailing_queue_ids":[],"_links":{"self":[{"href":"https:\/\/agora.xtec.cat\/escolalavilapalamos\/wp-json\/wp\/v2\/posts\/14162","targetHints":{"allow":["GET"]}}],"collection":[{"href":"https:\/\/agora.xtec.cat\/escolalavilapalamos\/wp-json\/wp\/v2\/posts"}],"about":[{"href":"https:\/\/agora.xtec.cat\/escolalavilapalamos\/wp-json\/wp\/v2\/types\/post"}],"author":[{"embeddable":true,"href":"https:\/\/agora.xtec.cat\/escolalavilapalamos\/wp-json\/wp\/v2\/users\/128"}],"replies":[{"embeddable":true,"href":"https:\/\/agora.xtec.cat\/escolalavilapalamos\/wp-json\/wp\/v2\/comments?post=14162"}],"version-history":[{"count":3,"href":"https:\/\/agora.xtec.cat\/escolalavilapalamos\/wp-json\/wp\/v2\/posts\/14162\/revisions"}],"predecessor-version":[{"id":14166,"href":"https:\/\/agora.xtec.cat\/escolalavilapalamos\/wp-json\/wp\/v2\/posts\/14162\/revisions\/14166"}],"wp:featuredmedia":[{"embeddable":true,"href":"https:\/\/agora.xtec.cat\/escolalavilapalamos\/wp-json\/wp\/v2\/media\/14164"}],"wp:attachment":[{"href":"https:\/\/agora.xtec.cat\/escolalavilapalamos\/wp-json\/wp\/v2\/media?parent=14162"}],"wp:term":[{"taxonomy":"category","embeddable":true,"href":"https:\/\/agora.xtec.cat\/escolalavilapalamos\/wp-json\/wp\/v2\/categories?post=14162"},{"taxonomy":"post_tag","embeddable":true,"href":"https:\/\/agora.xtec.cat\/escolalavilapalamos\/wp-json\/wp\/v2\/tags?post=14162"}],"curies":[{"name":"wp","href":"https:\/\/api.w.org\/{rel}","templated":true}]}}