{"id":14158,"date":"2024-01-10T11:21:03","date_gmt":"2024-01-10T10:21:03","guid":{"rendered":"https:\/\/agora.xtec.cat\/escolalavilapalamos\/?p=14158"},"modified":"2024-01-10T11:21:03","modified_gmt":"2024-01-10T10:21:03","slug":"revisions-bucodentals","status":"publish","type":"post","link":"https:\/\/agora.xtec.cat\/escolalavilapalamos\/general\/revisions-bucodentals\/","title":{"rendered":"Revisions bucodentals"},"content":{"rendered":"<p><a href=\"https:\/\/agora.xtec.cat\/escolalavilapalamos\/wp-content\/uploads\/usu897\/2024\/01\/dental-care.jpg\"><img loading=\"lazy\" decoding=\"async\" class=\"wp-image-14159 alignright\" src=\"https:\/\/agora.xtec.cat\/escolalavilapalamos\/wp-content\/uploads\/usu897\/2024\/01\/dental-care.jpg\" alt=\"\" width=\"375\" height=\"520\" srcset=\"https:\/\/agora.xtec.cat\/escolalavilapalamos\/wp-content\/uploads\/usu897\/2024\/01\/dental-care.jpg 584w, https:\/\/agora.xtec.cat\/escolalavilapalamos\/wp-content\/uploads\/usu897\/2024\/01\/dental-care-216x300.jpg 216w\" sizes=\"auto, (max-width: 375px) 100vw, 375px\" \/><\/a><\/p>\n<p>Com cada any, aquest segon trimestre es dur\u00e0 a terme el programa de prevenci\u00f3 bucodental a l&#8217;escola. Amb la coordinaci\u00f3 del Departament de Salut i del Departament d\u2019Ensenyament, facilitem<br \/>\na les fam\u00edlies la revisi\u00f3 anual bucodental dels seus fills i filles amb la finalitat d&#8217;una millor prevenci\u00f3 i detecci\u00f3 de possibles problemes a curt, mitj\u00e0 i llarg termini.<\/p>\n<p>Enguany es faran revisions als seg\u00fcents cursos:<\/p>\n<p>&#8211; 1r: dimarts 16 de gener<\/p>\n<p>&#8211; I4: dimarts 6 de febrer<\/p>\n<p>&#8211; 6\u00e8: dimarts 13 de febrer<\/p>\n<p>Juntament amb la carta informativa, rebreu una autoritzaci\u00f3 que cal que retorneu a l&#8217;escola el m\u00e9s aviat possible.<\/p>\n<p><a href=\"https:\/\/drive.google.com\/file\/d\/1Ncsfku-djb9o1OHnEH3xG_44du0Os0ft\/view?usp=sharing\">Circular revisions bucodentals<\/a><\/p>\n","protected":false},"excerpt":{"rendered":"<p><a href=\"https:\/\/agora.xtec.cat\/escolalavilapalamos\/wp-content\/uploads\/usu897\/2024\/01\/dental-care.jpg\"><\/a><br \/>\nCom cada any, aquest segon trimestre es dur\u00e0 a terme el programa de prevenci\u00f3 bucodental a l&#8217;escola. Amb la coordinaci\u00f3 del Departament de Salut i del Departament d\u2019Ensenyament, facilitem<br \/>\na les fam\u00edlies la revisi\u00f3 anual bucodental dels seus fills i filles amb la finalitat d&#8217;una&hellip;  <a href=\"https:\/\/agora.xtec.cat\/escolalavilapalamos\/general\/revisions-bucodentals\/\" title=\"Read Revisions bucodentals\">Llegeix m\u00e9s\u00bb<\/a><\/p>\n","protected":false},"author":1,"featured_media":0,"comment_status":"open","ping_status":"closed","sticky":false,"template":"","format":"standard","meta":{"_bbp_topic_count":0,"_bbp_reply_count":0,"_bbp_total_topic_count":0,"_bbp_total_reply_count":0,"_bbp_voice_count":0,"_bbp_anonymous_reply_count":0,"_bbp_topic_count_hidden":0,"_bbp_reply_count_hidden":0,"_bbp_forum_subforum_count":0,"footnotes":""},"categories":[128,127,2,1,4],"tags":[],"class_list":["post-14158","post","type-post","status-publish","format-standard","hentry","category-comunitat-de-grans","category-comunitat-de-mitjans","category-infantil","category-general","category-portada"],"post_mailing_queue_ids":[],"_links":{"self":[{"href":"https:\/\/agora.xtec.cat\/escolalavilapalamos\/wp-json\/wp\/v2\/posts\/14158","targetHints":{"allow":["GET"]}}],"collection":[{"href":"https:\/\/agora.xtec.cat\/escolalavilapalamos\/wp-json\/wp\/v2\/posts"}],"about":[{"href":"https:\/\/agora.xtec.cat\/escolalavilapalamos\/wp-json\/wp\/v2\/types\/post"}],"author":[{"embeddable":true,"href":"https:\/\/agora.xtec.cat\/escolalavilapalamos\/wp-json\/wp\/v2\/users\/1"}],"replies":[{"embeddable":true,"href":"https:\/\/agora.xtec.cat\/escolalavilapalamos\/wp-json\/wp\/v2\/comments?post=14158"}],"version-history":[{"count":2,"href":"https:\/\/agora.xtec.cat\/escolalavilapalamos\/wp-json\/wp\/v2\/posts\/14158\/revisions"}],"predecessor-version":[{"id":14161,"href":"https:\/\/agora.xtec.cat\/escolalavilapalamos\/wp-json\/wp\/v2\/posts\/14158\/revisions\/14161"}],"wp:attachment":[{"href":"https:\/\/agora.xtec.cat\/escolalavilapalamos\/wp-json\/wp\/v2\/media?parent=14158"}],"wp:term":[{"taxonomy":"category","embeddable":true,"href":"https:\/\/agora.xtec.cat\/escolalavilapalamos\/wp-json\/wp\/v2\/categories?post=14158"},{"taxonomy":"post_tag","embeddable":true,"href":"https:\/\/agora.xtec.cat\/escolalavilapalamos\/wp-json\/wp\/v2\/tags?post=14158"}],"curies":[{"name":"wp","href":"https:\/\/api.w.org\/{rel}","templated":true}]}}