{"id":14155,"date":"2024-01-31T09:28:24","date_gmt":"2024-01-31T08:28:24","guid":{"rendered":"https:\/\/agora.xtec.cat\/escolalavilapalamos\/?p=14155"},"modified":"2024-01-31T09:29:16","modified_gmt":"2024-01-31T08:29:16","slug":"cacadors-de-diamants-a-5e","status":"publish","type":"post","link":"https:\/\/agora.xtec.cat\/escolalavilapalamos\/general\/cacadors-de-diamants-a-5e\/","title":{"rendered":"Ca\u00e7adors de diamants a 5\u00e8!"},"content":{"rendered":"<p>&nbsp;<\/p>\n<p><img loading=\"lazy\" decoding=\"async\" class=\"aligncenter\" src=\"https:\/\/agora.xtec.cat\/escolalavilapalamos\/wp-content\/uploads\/usu897\/2021\/03\/Joc_Complert-700x700.jpg\" width=\"288\" height=\"288\" \/><\/p>\n<p>Aquest trimestre hem iniciat les classes d\u2019educaci\u00f3 f\u00edsica realitzant un joc de taula que es diu <strong>Ca\u00e7adors de Diamants<\/strong>. Aquest joc servir\u00e0 per potenciar el treball cooperatiu a trav\u00e9s de reptes d\u2019educaci\u00f3 f\u00edsica. L\u2019alumnat de 5\u00e8 s\u2019endinsar\u00e0 en una divertida hist\u00f2ria durant aquestes sessions on treballar\u00e0 de valent per arribar a un objectiu com\u00fa. Cada grup gaudir\u00e0 i jugar\u00e0 tot potenciant el treball en equip i el respecte envers als altres i segur que ho faran genial. Endavant ca\u00e7adors i ca\u00e7adores!<\/p>\n<p style=\"text-align: center;\"><a href=\"https:\/\/agora.xtec.cat\/escolalavilapalamos\/wp-content\/uploads\/usu897\/2024\/01\/IMG-20240109-WA0002.jpg\"><img loading=\"lazy\" decoding=\"async\" class=\"wp-image-14220 alignleft\" src=\"https:\/\/agora.xtec.cat\/escolalavilapalamos\/wp-content\/uploads\/usu897\/2024\/01\/IMG-20240109-WA0002-1024x768.jpg\" alt=\"\" width=\"254\" height=\"191\" srcset=\"https:\/\/agora.xtec.cat\/escolalavilapalamos\/wp-content\/uploads\/usu897\/2024\/01\/IMG-20240109-WA0002-1024x768.jpg 1024w, https:\/\/agora.xtec.cat\/escolalavilapalamos\/wp-content\/uploads\/usu897\/2024\/01\/IMG-20240109-WA0002-300x225.jpg 300w, https:\/\/agora.xtec.cat\/escolalavilapalamos\/wp-content\/uploads\/usu897\/2024\/01\/IMG-20240109-WA0002-768x576.jpg 768w, https:\/\/agora.xtec.cat\/escolalavilapalamos\/wp-content\/uploads\/usu897\/2024\/01\/IMG-20240109-WA0002-1536x1152.jpg 1536w, https:\/\/agora.xtec.cat\/escolalavilapalamos\/wp-content\/uploads\/usu897\/2024\/01\/IMG-20240109-WA0002-200x150.jpg 200w, https:\/\/agora.xtec.cat\/escolalavilapalamos\/wp-content\/uploads\/usu897\/2024\/01\/IMG-20240109-WA0002.jpg 2048w\" sizes=\"auto, (max-width: 254px) 100vw, 254px\" \/><\/a> <a href=\"https:\/\/agora.xtec.cat\/escolalavilapalamos\/wp-content\/uploads\/usu897\/2024\/01\/IMG-20240109-WA0004.jpg\"><img loading=\"lazy\" decoding=\"async\" class=\"wp-image-14221 alignright\" src=\"https:\/\/agora.xtec.cat\/escolalavilapalamos\/wp-content\/uploads\/usu897\/2024\/01\/IMG-20240109-WA0004-1024x768.jpg\" alt=\"\" width=\"270\" height=\"203\" srcset=\"https:\/\/agora.xtec.cat\/escolalavilapalamos\/wp-content\/uploads\/usu897\/2024\/01\/IMG-20240109-WA0004-1024x768.jpg 1024w, https:\/\/agora.xtec.cat\/escolalavilapalamos\/wp-content\/uploads\/usu897\/2024\/01\/IMG-20240109-WA0004-300x225.jpg 300w, https:\/\/agora.xtec.cat\/escolalavilapalamos\/wp-content\/uploads\/usu897\/2024\/01\/IMG-20240109-WA0004-768x576.jpg 768w, https:\/\/agora.xtec.cat\/escolalavilapalamos\/wp-content\/uploads\/usu897\/2024\/01\/IMG-20240109-WA0004-1536x1152.jpg 1536w, https:\/\/agora.xtec.cat\/escolalavilapalamos\/wp-content\/uploads\/usu897\/2024\/01\/IMG-20240109-WA0004-200x150.jpg 200w, https:\/\/agora.xtec.cat\/escolalavilapalamos\/wp-content\/uploads\/usu897\/2024\/01\/IMG-20240109-WA0004.jpg 2048w\" sizes=\"auto, (max-width: 270px) 100vw, 270px\" \/><\/a> <a href=\"https:\/\/agora.xtec.cat\/escolalavilapalamos\/wp-content\/uploads\/usu897\/2024\/01\/IMG-20240109-WA0005.jpg\">\u00a0 <img loading=\"lazy\" decoding=\"async\" class=\"wp-image-14223 aligncenter\" src=\"https:\/\/agora.xtec.cat\/escolalavilapalamos\/wp-content\/uploads\/usu897\/2024\/01\/IMG-20240109-WA0005-1024x768.jpg\" alt=\"\" width=\"272\" height=\"204\" srcset=\"https:\/\/agora.xtec.cat\/escolalavilapalamos\/wp-content\/uploads\/usu897\/2024\/01\/IMG-20240109-WA0005-1024x768.jpg 1024w, https:\/\/agora.xtec.cat\/escolalavilapalamos\/wp-content\/uploads\/usu897\/2024\/01\/IMG-20240109-WA0005-300x225.jpg 300w, https:\/\/agora.xtec.cat\/escolalavilapalamos\/wp-content\/uploads\/usu897\/2024\/01\/IMG-20240109-WA0005-768x576.jpg 768w, https:\/\/agora.xtec.cat\/escolalavilapalamos\/wp-content\/uploads\/usu897\/2024\/01\/IMG-20240109-WA0005-1536x1152.jpg 1536w, https:\/\/agora.xtec.cat\/escolalavilapalamos\/wp-content\/uploads\/usu897\/2024\/01\/IMG-20240109-WA0005-200x150.jpg 200w, https:\/\/agora.xtec.cat\/escolalavilapalamos\/wp-content\/uploads\/usu897\/2024\/01\/IMG-20240109-WA0005.jpg 2048w\" sizes=\"auto, (max-width: 272px) 100vw, 272px\" \/><\/a><\/p>\n","protected":false},"excerpt":{"rendered":"<p>&nbsp;<\/p>\n<p>Aquest trimestre hem iniciat les classes d\u2019educaci\u00f3 f\u00edsica realitzant un joc de taula que es diu Ca\u00e7adors de Diamants. Aquest joc servir\u00e0 per potenciar el treball cooperatiu a trav\u00e9s de reptes d\u2019educaci\u00f3 f\u00edsica. L\u2019alumnat de 5\u00e8 s\u2019endinsar\u00e0 en una divertida hist\u00f2ria durant aquestes sessions on&hellip;  <a href=\"https:\/\/agora.xtec.cat\/escolalavilapalamos\/general\/cacadors-de-diamants-a-5e\/\" title=\"Read Ca\u00e7adors de diamants a 5\u00e8!\">Llegeix m\u00e9s\u00bb<\/a><\/p>\n","protected":false},"author":167,"featured_media":0,"comment_status":"open","ping_status":"closed","sticky":false,"template":"","format":"standard","meta":{"_bbp_topic_count":0,"_bbp_reply_count":0,"_bbp_total_topic_count":0,"_bbp_total_reply_count":0,"_bbp_voice_count":0,"_bbp_anonymous_reply_count":0,"_bbp_topic_count_hidden":0,"_bbp_reply_count_hidden":0,"_bbp_forum_subforum_count":0,"footnotes":""},"categories":[128,70,67,1,4,5],"tags":[],"class_list":["post-14155","post","type-post","status-publish","format-standard","hentry","category-comunitat-de-grans","category-efi","category-especialistes","category-general","category-portada","category-primaria"],"post_mailing_queue_ids":[],"_links":{"self":[{"href":"https:\/\/agora.xtec.cat\/escolalavilapalamos\/wp-json\/wp\/v2\/posts\/14155","targetHints":{"allow":["GET"]}}],"collection":[{"href":"https:\/\/agora.xtec.cat\/escolalavilapalamos\/wp-json\/wp\/v2\/posts"}],"about":[{"href":"https:\/\/agora.xtec.cat\/escolalavilapalamos\/wp-json\/wp\/v2\/types\/post"}],"author":[{"embeddable":true,"href":"https:\/\/agora.xtec.cat\/escolalavilapalamos\/wp-json\/wp\/v2\/users\/167"}],"replies":[{"embeddable":true,"href":"https:\/\/agora.xtec.cat\/escolalavilapalamos\/wp-json\/wp\/v2\/comments?post=14155"}],"version-history":[{"count":6,"href":"https:\/\/agora.xtec.cat\/escolalavilapalamos\/wp-json\/wp\/v2\/posts\/14155\/revisions"}],"predecessor-version":[{"id":14234,"href":"https:\/\/agora.xtec.cat\/escolalavilapalamos\/wp-json\/wp\/v2\/posts\/14155\/revisions\/14234"}],"wp:attachment":[{"href":"https:\/\/agora.xtec.cat\/escolalavilapalamos\/wp-json\/wp\/v2\/media?parent=14155"}],"wp:term":[{"taxonomy":"category","embeddable":true,"href":"https:\/\/agora.xtec.cat\/escolalavilapalamos\/wp-json\/wp\/v2\/categories?post=14155"},{"taxonomy":"post_tag","embeddable":true,"href":"https:\/\/agora.xtec.cat\/escolalavilapalamos\/wp-json\/wp\/v2\/tags?post=14155"}],"curies":[{"name":"wp","href":"https:\/\/api.w.org\/{rel}","templated":true}]}}