{"id":14138,"date":"2023-12-05T14:43:06","date_gmt":"2023-12-05T13:43:06","guid":{"rendered":"https:\/\/agora.xtec.cat\/escolalavilapalamos\/?p=14138"},"modified":"2023-12-05T14:43:06","modified_gmt":"2023-12-05T13:43:06","slug":"exposicio-dels-90-anys-de-lescola","status":"publish","type":"post","link":"https:\/\/agora.xtec.cat\/escolalavilapalamos\/general\/exposicio-dels-90-anys-de-lescola\/","title":{"rendered":"Exposici\u00f3 dels 90 anys de l&#8217;escola"},"content":{"rendered":"<p>El passat 16 de novembre vam celebrar els\u00a0<span class=\"hiddenGreenError\">90<\/span>\u00a0anys de l&#8217;escola amb una exposici\u00f3 feta merament pels alumnes de 5\u00e8. Aquesta exposici\u00f3 \u00e9s el recull d&#8217;un treball que han fet durant 2 cursos sobre el programa d&#8217;innovaci\u00f3 pedag\u00f2gica &#8220;apadrinem el nostre patrimoni&#8221; que consisteix en l&#8217;apadrinament d&#8217;un element patrimonial amb el triple objectiu d&#8217;aprofundir en el seu coneixement, donar-li valor i fer-lo socialment rellevant. El nostre centre apadrina el refugi antiaeri i la\u00a0<span class=\"hiddenGrammarError\" style=\"padding-bottom: 2px; background-image: url('..\/..\/..\/..\/..\/images\/squiggle.png'); background-position: left bottom; cursor: default; color: #000000; font-family: 'Open Sans', Helvetica, Arial, sans-serif; font-size: 16px; font-style: normal; font-weight: 300; letter-spacing: normal; text-align: start; text-indent: 0px; text-transform: none;\">pr\u00f2pia<\/span> escola i per tancar aquest projecte, els\/les alumnes van preparar una exposici\u00f3 per donar a con\u00e8ixer el projecte el qual es va oferir a tota la comunitat educativa i a la gent del poble.<\/p>\n<p>Aqu\u00ed podeu veure el <a href=\"https:\/\/photos.app.goo.gl\/LarVje61buJn8HxB9\">recull fotogr\u00e0fic<\/a> del photocall i el v\u00eddeo de les jornades. Esperem que gaud\u00edssiu de l&#8217;exposici\u00f3!<\/p>\n<p><iframe loading=\"lazy\" src=\"\/\/www.youtube.com\/embed\/hSYV6vA5D_c\" width=\"560\" height=\"314\"><\/iframe><\/p>\n<p>&nbsp;<\/p>\n","protected":false},"excerpt":{"rendered":"<p>El passat 16 de novembre vam celebrar els\u00a090\u00a0anys de l&#8217;escola amb una exposici\u00f3 feta merament pels alumnes de 5\u00e8. Aquesta exposici\u00f3 \u00e9s el recull d&#8217;un treball que han fet durant 2 cursos sobre el programa d&#8217;innovaci\u00f3 pedag\u00f2gica &#8220;apadrinem el nostre patrimoni&#8221; que consisteix en l&#8217;apadrinament&hellip;  <a href=\"https:\/\/agora.xtec.cat\/escolalavilapalamos\/general\/exposicio-dels-90-anys-de-lescola\/\" title=\"Read Exposici\u00f3 dels 90 anys de l&#8217;escola\">Llegeix m\u00e9s\u00bb<\/a><\/p>\n","protected":false},"author":132,"featured_media":0,"comment_status":"open","ping_status":"closed","sticky":false,"template":"","format":"standard","meta":{"_bbp_topic_count":0,"_bbp_reply_count":0,"_bbp_total_topic_count":0,"_bbp_total_reply_count":0,"_bbp_voice_count":0,"_bbp_anonymous_reply_count":0,"_bbp_topic_count_hidden":0,"_bbp_reply_count_hidden":0,"_bbp_forum_subforum_count":0,"footnotes":""},"categories":[128,1,4,5],"tags":[],"class_list":["post-14138","post","type-post","status-publish","format-standard","hentry","category-comunitat-de-grans","category-general","category-portada","category-primaria"],"post_mailing_queue_ids":[],"_links":{"self":[{"href":"https:\/\/agora.xtec.cat\/escolalavilapalamos\/wp-json\/wp\/v2\/posts\/14138","targetHints":{"allow":["GET"]}}],"collection":[{"href":"https:\/\/agora.xtec.cat\/escolalavilapalamos\/wp-json\/wp\/v2\/posts"}],"about":[{"href":"https:\/\/agora.xtec.cat\/escolalavilapalamos\/wp-json\/wp\/v2\/types\/post"}],"author":[{"embeddable":true,"href":"https:\/\/agora.xtec.cat\/escolalavilapalamos\/wp-json\/wp\/v2\/users\/132"}],"replies":[{"embeddable":true,"href":"https:\/\/agora.xtec.cat\/escolalavilapalamos\/wp-json\/wp\/v2\/comments?post=14138"}],"version-history":[{"count":6,"href":"https:\/\/agora.xtec.cat\/escolalavilapalamos\/wp-json\/wp\/v2\/posts\/14138\/revisions"}],"predecessor-version":[{"id":14144,"href":"https:\/\/agora.xtec.cat\/escolalavilapalamos\/wp-json\/wp\/v2\/posts\/14138\/revisions\/14144"}],"wp:attachment":[{"href":"https:\/\/agora.xtec.cat\/escolalavilapalamos\/wp-json\/wp\/v2\/media?parent=14138"}],"wp:term":[{"taxonomy":"category","embeddable":true,"href":"https:\/\/agora.xtec.cat\/escolalavilapalamos\/wp-json\/wp\/v2\/categories?post=14138"},{"taxonomy":"post_tag","embeddable":true,"href":"https:\/\/agora.xtec.cat\/escolalavilapalamos\/wp-json\/wp\/v2\/tags?post=14138"}],"curies":[{"name":"wp","href":"https:\/\/api.w.org\/{rel}","templated":true}]}}