{"id":14126,"date":"2023-12-04T08:57:54","date_gmt":"2023-12-04T07:57:54","guid":{"rendered":"https:\/\/agora.xtec.cat\/escolalavilapalamos\/?p=14126"},"modified":"2023-12-04T08:57:54","modified_gmt":"2023-12-04T07:57:54","slug":"sessions-de-musica-a-la-comunitat-de-petits","status":"publish","type":"post","link":"https:\/\/agora.xtec.cat\/escolalavilapalamos\/general\/sessions-de-musica-a-la-comunitat-de-petits\/","title":{"rendered":"Sessions de m\u00fasica a la comunitat de petits"},"content":{"rendered":"<p>Gaudir i aprendre amb la m\u00fasica a l&#8217;etapa d&#8217;educaci\u00f3 infantil \u00e9s imprescindible per a un bon desenvolupament de l&#8217;infant. Per aquest motiu a la comunitat de petits continuem treballant molt durant\u00a0 les sessions de m\u00fasica! Mica en mica anem descobrint nous instruments, noves can\u00e7ons, audicions i jocs musicals. Cada dia ens ho passem una mica millor!<\/p>\n<p>&nbsp;<\/p>\n<p><img loading=\"lazy\" decoding=\"async\" class=\"wp-image-14129 aligncenter\" src=\"https:\/\/agora.xtec.cat\/escolalavilapalamos\/wp-content\/uploads\/usu897\/2023\/11\/WhatsApp-Image-2023-11-18-at-10.09.25-1-1024x461.jpeg\" alt=\"\" width=\"398\" height=\"179\" srcset=\"https:\/\/agora.xtec.cat\/escolalavilapalamos\/wp-content\/uploads\/usu897\/2023\/11\/WhatsApp-Image-2023-11-18-at-10.09.25-1-1024x461.jpeg 1024w, https:\/\/agora.xtec.cat\/escolalavilapalamos\/wp-content\/uploads\/usu897\/2023\/11\/WhatsApp-Image-2023-11-18-at-10.09.25-1-300x135.jpeg 300w, https:\/\/agora.xtec.cat\/escolalavilapalamos\/wp-content\/uploads\/usu897\/2023\/11\/WhatsApp-Image-2023-11-18-at-10.09.25-1-768x346.jpeg 768w, https:\/\/agora.xtec.cat\/escolalavilapalamos\/wp-content\/uploads\/usu897\/2023\/11\/WhatsApp-Image-2023-11-18-at-10.09.25-1-1536x691.jpeg 1536w, https:\/\/agora.xtec.cat\/escolalavilapalamos\/wp-content\/uploads\/usu897\/2023\/11\/WhatsApp-Image-2023-11-18-at-10.09.25-1.jpeg 2000w\" sizes=\"auto, (max-width: 398px) 100vw, 398px\" \/><\/p>\n<p><a href=\"https:\/\/drive.google.com\/drive\/u\/0\/folders\/1YnQQ50_1mbUJzSRVKlAzmDIIZqf45GTD\">Comunitat de petits<\/a><\/p>\n","protected":false},"excerpt":{"rendered":"<p>Gaudir i aprendre amb la m\u00fasica a l&#8217;etapa d&#8217;educaci\u00f3 infantil \u00e9s imprescindible per a un bon desenvolupament de l&#8217;infant. Per aquest motiu a la comunitat de petits continuem treballant molt durant\u00a0 les sessions de m\u00fasica! Mica en mica anem descobrint nous instruments, noves can\u00e7ons, audicions&hellip;  <a href=\"https:\/\/agora.xtec.cat\/escolalavilapalamos\/general\/sessions-de-musica-a-la-comunitat-de-petits\/\" title=\"Read Sessions de m\u00fasica a la comunitat de petits\">Llegeix m\u00e9s\u00bb<\/a><\/p>\n","protected":false},"author":128,"featured_media":0,"comment_status":"open","ping_status":"closed","sticky":false,"template":"","format":"standard","meta":{"_bbp_topic_count":0,"_bbp_reply_count":0,"_bbp_total_topic_count":0,"_bbp_total_reply_count":0,"_bbp_voice_count":0,"_bbp_anonymous_reply_count":0,"_bbp_topic_count_hidden":0,"_bbp_reply_count_hidden":0,"_bbp_forum_subforum_count":0,"footnotes":""},"categories":[2,1,4],"tags":[],"class_list":["post-14126","post","type-post","status-publish","format-standard","hentry","category-infantil","category-general","category-portada"],"post_mailing_queue_ids":[],"_links":{"self":[{"href":"https:\/\/agora.xtec.cat\/escolalavilapalamos\/wp-json\/wp\/v2\/posts\/14126","targetHints":{"allow":["GET"]}}],"collection":[{"href":"https:\/\/agora.xtec.cat\/escolalavilapalamos\/wp-json\/wp\/v2\/posts"}],"about":[{"href":"https:\/\/agora.xtec.cat\/escolalavilapalamos\/wp-json\/wp\/v2\/types\/post"}],"author":[{"embeddable":true,"href":"https:\/\/agora.xtec.cat\/escolalavilapalamos\/wp-json\/wp\/v2\/users\/128"}],"replies":[{"embeddable":true,"href":"https:\/\/agora.xtec.cat\/escolalavilapalamos\/wp-json\/wp\/v2\/comments?post=14126"}],"version-history":[{"count":3,"href":"https:\/\/agora.xtec.cat\/escolalavilapalamos\/wp-json\/wp\/v2\/posts\/14126\/revisions"}],"predecessor-version":[{"id":14135,"href":"https:\/\/agora.xtec.cat\/escolalavilapalamos\/wp-json\/wp\/v2\/posts\/14126\/revisions\/14135"}],"wp:attachment":[{"href":"https:\/\/agora.xtec.cat\/escolalavilapalamos\/wp-json\/wp\/v2\/media?parent=14126"}],"wp:term":[{"taxonomy":"category","embeddable":true,"href":"https:\/\/agora.xtec.cat\/escolalavilapalamos\/wp-json\/wp\/v2\/categories?post=14126"},{"taxonomy":"post_tag","embeddable":true,"href":"https:\/\/agora.xtec.cat\/escolalavilapalamos\/wp-json\/wp\/v2\/tags?post=14126"}],"curies":[{"name":"wp","href":"https:\/\/api.w.org\/{rel}","templated":true}]}}