{"id":14114,"date":"2023-11-29T08:54:47","date_gmt":"2023-11-29T07:54:47","guid":{"rendered":"https:\/\/agora.xtec.cat\/escolalavilapalamos\/?p=14114"},"modified":"2023-11-29T08:54:47","modified_gmt":"2023-11-29T07:54:47","slug":"treballem-la-biografia-a-6e","status":"publish","type":"post","link":"https:\/\/agora.xtec.cat\/escolalavilapalamos\/general\/treballem-la-biografia-a-6e\/","title":{"rendered":"Treballem la biografia a 6\u00e8"},"content":{"rendered":"<p style=\"font-family: 'Helvetica Neue', Helvetica, Helvetica, Arial, sans-serif; font-size: 16px;\"><em><a style=\"color: #2795b6;\" href=\"https:\/\/agora.xtec.cat\/escolalavilapalamos\/wp-content\/uploads\/usu897\/2023\/11\/Captura-web.png\"><img loading=\"lazy\" decoding=\"async\" class=\" wp-image-14115 alignleft\" src=\"https:\/\/agora.xtec.cat\/escolalavilapalamos\/wp-content\/uploads\/usu897\/2023\/11\/Captura-web.png\" alt=\"\" width=\"410\" height=\"413\" srcset=\"https:\/\/agora.xtec.cat\/escolalavilapalamos\/wp-content\/uploads\/usu897\/2023\/11\/Captura-web.png 747w, https:\/\/agora.xtec.cat\/escolalavilapalamos\/wp-content\/uploads\/usu897\/2023\/11\/Captura-web-298x300.png 298w, https:\/\/agora.xtec.cat\/escolalavilapalamos\/wp-content\/uploads\/usu897\/2023\/11\/Captura-web-150x150.png 150w\" sizes=\"auto, (max-width: 410px) 100vw, 410px\" \/><\/a><\/em><\/p>\n<p>A 6\u00e8 hem treballat<em> la biografia. <\/em>Hem escollit un familiar que ja hagi viscut molts anys i tingui moltes hist\u00f2ries interessants per a compartir. A trav\u00e9s d&#8217;un formulari hem pogut recollir la informaci\u00f3. L&#8217;hem compart<\/p>\n<p><span style=\"font-family: inherit; font-size: 1em;\">it a l&#8217;aula i hem descobert aspectes molt interessats de quan nosaltres, ni tan sols hav\u00edem nascut (com era l&#8217;educaci\u00f3, els pobles, les aficions&#8230;). L&#8217;\u00faltima pregunta &#8220;qu\u00e8 has apr\u00e8s de la vida?&#8221; ens ha ajudat a reflexionar sobre all\u00f2 que realment \u00e9s important per a cadasc\u00fa de nosaltres. Ha estat una bonica experi\u00e8ncia escriure sobre els nostres avis, \u00e0vies, tietes&#8230;Gr\u00e0cies a totes i tots, fam\u00edlia!<\/span><\/p>\n<p>Tamb\u00e9 hem fet una <em>autobiografia<\/em> utilitzant eines com la base d&#8217;orientaci\u00f3 i la check list. Nosaltres hem escrit sobre la nostra vida i all\u00f2 que ens fa sentir satisfets i orgullosos de nosaltres mateixos.<\/p>\n<p>&nbsp;<\/p>\n<p>&nbsp;<\/p>\n","protected":false},"excerpt":{"rendered":"<p><a style=\"color: #2795b6;\" href=\"https:\/\/agora.xtec.cat\/escolalavilapalamos\/wp-content\/uploads\/usu897\/2023\/11\/Captura-web.png\"><\/a><br \/>\nA 6\u00e8 hem treballat la biografia. Hem escollit un familiar que ja hagi viscut molts anys i tingui moltes hist\u00f2ries interessants per a compartir. A trav\u00e9s d&#8217;un formulari hem pogut recollir la informaci\u00f3. L&#8217;hem compart<br \/>\nit a l&#8217;aula i hem descobert aspectes molt&hellip;  <a href=\"https:\/\/agora.xtec.cat\/escolalavilapalamos\/general\/treballem-la-biografia-a-6e\/\" title=\"Read Treballem la biografia a 6\u00e8\">Llegeix m\u00e9s\u00bb<\/a><\/p>\n","protected":false},"author":132,"featured_media":0,"comment_status":"open","ping_status":"closed","sticky":false,"template":"","format":"standard","meta":{"_bbp_topic_count":0,"_bbp_reply_count":0,"_bbp_total_topic_count":0,"_bbp_total_reply_count":0,"_bbp_voice_count":0,"_bbp_anonymous_reply_count":0,"_bbp_topic_count_hidden":0,"_bbp_reply_count_hidden":0,"_bbp_forum_subforum_count":0,"footnotes":""},"categories":[128,1,4],"tags":[],"class_list":["post-14114","post","type-post","status-publish","format-standard","hentry","category-comunitat-de-grans","category-general","category-portada"],"post_mailing_queue_ids":[],"_links":{"self":[{"href":"https:\/\/agora.xtec.cat\/escolalavilapalamos\/wp-json\/wp\/v2\/posts\/14114","targetHints":{"allow":["GET"]}}],"collection":[{"href":"https:\/\/agora.xtec.cat\/escolalavilapalamos\/wp-json\/wp\/v2\/posts"}],"about":[{"href":"https:\/\/agora.xtec.cat\/escolalavilapalamos\/wp-json\/wp\/v2\/types\/post"}],"author":[{"embeddable":true,"href":"https:\/\/agora.xtec.cat\/escolalavilapalamos\/wp-json\/wp\/v2\/users\/132"}],"replies":[{"embeddable":true,"href":"https:\/\/agora.xtec.cat\/escolalavilapalamos\/wp-json\/wp\/v2\/comments?post=14114"}],"version-history":[{"count":2,"href":"https:\/\/agora.xtec.cat\/escolalavilapalamos\/wp-json\/wp\/v2\/posts\/14114\/revisions"}],"predecessor-version":[{"id":14117,"href":"https:\/\/agora.xtec.cat\/escolalavilapalamos\/wp-json\/wp\/v2\/posts\/14114\/revisions\/14117"}],"wp:attachment":[{"href":"https:\/\/agora.xtec.cat\/escolalavilapalamos\/wp-json\/wp\/v2\/media?parent=14114"}],"wp:term":[{"taxonomy":"category","embeddable":true,"href":"https:\/\/agora.xtec.cat\/escolalavilapalamos\/wp-json\/wp\/v2\/categories?post=14114"},{"taxonomy":"post_tag","embeddable":true,"href":"https:\/\/agora.xtec.cat\/escolalavilapalamos\/wp-json\/wp\/v2\/tags?post=14114"}],"curies":[{"name":"wp","href":"https:\/\/api.w.org\/{rel}","templated":true}]}}