{"id":14109,"date":"2023-11-28T16:47:47","date_gmt":"2023-11-28T15:47:47","guid":{"rendered":"https:\/\/agora.xtec.cat\/escolalavilapalamos\/?p=14109"},"modified":"2023-11-28T16:47:47","modified_gmt":"2023-11-28T15:47:47","slug":"vetllades-nadal-2023","status":"publish","type":"post","link":"https:\/\/agora.xtec.cat\/escolalavilapalamos\/general\/vetllades-nadal-2023\/","title":{"rendered":"Vetllades Nadal 2023"},"content":{"rendered":"<p><a href=\"https:\/\/agora.xtec.cat\/escolalavilapalamos\/wp-content\/uploads\/usu897\/2023\/11\/Programa-Nadal-.png\"><img loading=\"lazy\" decoding=\"async\" class=\"wp-image-14110  alignleft\" src=\"https:\/\/agora.xtec.cat\/escolalavilapalamos\/wp-content\/uploads\/usu897\/2023\/11\/Programa-Nadal--576x1024.png\" alt=\"\" width=\"269\" height=\"478\" srcset=\"https:\/\/agora.xtec.cat\/escolalavilapalamos\/wp-content\/uploads\/usu897\/2023\/11\/Programa-Nadal--576x1024.png 576w, https:\/\/agora.xtec.cat\/escolalavilapalamos\/wp-content\/uploads\/usu897\/2023\/11\/Programa-Nadal--169x300.png 169w, https:\/\/agora.xtec.cat\/escolalavilapalamos\/wp-content\/uploads\/usu897\/2023\/11\/Programa-Nadal--768x1365.png 768w, https:\/\/agora.xtec.cat\/escolalavilapalamos\/wp-content\/uploads\/usu897\/2023\/11\/Programa-Nadal--864x1536.png 864w, https:\/\/agora.xtec.cat\/escolalavilapalamos\/wp-content\/uploads\/usu897\/2023\/11\/Programa-Nadal-.png 1080w\" sizes=\"auto, (max-width: 269px) 100vw, 269px\" \/><\/a>Els motors de la Vila es\u00a0 comencen\u00a0 a engegar!\u00a0 Ben\u00a0 aviat\u00a0 comen\u00e7arem\u00a0 els\u00a0 preparatoris\u00a0 per\u00a0 les\u00a0 vetllades\u00a0 de\u00a0 Nadal.\u00a0 Tant\u00a0 petits\u00a0 com\u00a0 prim\u00e0ria es barregen nivells per tal d&#8217;oferir un espectacle internivell. Mitjan\u00e7ant les propostes dels infants, es prepara un espectacle on tothom se sent c\u00f2mode fent all\u00f2 que ha triat.<\/p>\n<p>A la imatge podreu veure el programa de les vetllades. A m\u00e9s, tamb\u00e9 podreu veure el dia que cagarem el Ti\u00f3 i rebrem la visita del Patge Reial.<\/p>\n<p>Vetllades:<\/p>\n<p><strong>Dilluns 18 de desembre<\/strong><\/p>\n<ul>\n<li><strong>2n i 6\u00e8:<\/strong>\u00a0 a les 18h<\/li>\n<li><strong>3r i 5\u00e8: <\/strong>a les 19.30h<\/li>\n<\/ul>\n<p><strong>Dimarts 19 de desembre<\/strong><\/p>\n<ul>\n<li><strong>Petits:<\/strong>\u00a0 a les 15h<\/li>\n<li><strong>1r i 4t:<\/strong> a les 18h<\/li>\n<\/ul>\n<p>Us hi esperem!<\/p>\n<p>&nbsp;<\/p>\n","protected":false},"excerpt":{"rendered":"<p><a href=\"https:\/\/agora.xtec.cat\/escolalavilapalamos\/wp-content\/uploads\/usu897\/2023\/11\/Programa-Nadal-.png\"><\/a>Els motors de la Vila es\u00a0 comencen\u00a0 a engegar!\u00a0 Ben\u00a0 aviat\u00a0 comen\u00e7arem\u00a0 els\u00a0 preparatoris\u00a0 per\u00a0 les\u00a0 vetllades\u00a0 de\u00a0 Nadal.\u00a0 Tant\u00a0 petits\u00a0 com\u00a0 prim\u00e0ria es barregen nivells per tal d&#8217;oferir un espectacle internivell. Mitjan\u00e7ant les propostes dels infants, es prepara un espectacle on tothom se&hellip;  <a href=\"https:\/\/agora.xtec.cat\/escolalavilapalamos\/general\/vetllades-nadal-2023\/\" title=\"Read Vetllades Nadal 2023\">Llegeix m\u00e9s\u00bb<\/a><\/p>\n","protected":false},"author":1,"featured_media":0,"comment_status":"open","ping_status":"closed","sticky":false,"template":"","format":"standard","meta":{"_bbp_topic_count":0,"_bbp_reply_count":0,"_bbp_total_topic_count":0,"_bbp_total_reply_count":0,"_bbp_voice_count":0,"_bbp_anonymous_reply_count":0,"_bbp_topic_count_hidden":0,"_bbp_reply_count_hidden":0,"_bbp_forum_subforum_count":0,"footnotes":""},"categories":[128,127,2,1,4],"tags":[],"class_list":["post-14109","post","type-post","status-publish","format-standard","hentry","category-comunitat-de-grans","category-comunitat-de-mitjans","category-infantil","category-general","category-portada"],"post_mailing_queue_ids":[],"_links":{"self":[{"href":"https:\/\/agora.xtec.cat\/escolalavilapalamos\/wp-json\/wp\/v2\/posts\/14109","targetHints":{"allow":["GET"]}}],"collection":[{"href":"https:\/\/agora.xtec.cat\/escolalavilapalamos\/wp-json\/wp\/v2\/posts"}],"about":[{"href":"https:\/\/agora.xtec.cat\/escolalavilapalamos\/wp-json\/wp\/v2\/types\/post"}],"author":[{"embeddable":true,"href":"https:\/\/agora.xtec.cat\/escolalavilapalamos\/wp-json\/wp\/v2\/users\/1"}],"replies":[{"embeddable":true,"href":"https:\/\/agora.xtec.cat\/escolalavilapalamos\/wp-json\/wp\/v2\/comments?post=14109"}],"version-history":[{"count":3,"href":"https:\/\/agora.xtec.cat\/escolalavilapalamos\/wp-json\/wp\/v2\/posts\/14109\/revisions"}],"predecessor-version":[{"id":14113,"href":"https:\/\/agora.xtec.cat\/escolalavilapalamos\/wp-json\/wp\/v2\/posts\/14109\/revisions\/14113"}],"wp:attachment":[{"href":"https:\/\/agora.xtec.cat\/escolalavilapalamos\/wp-json\/wp\/v2\/media?parent=14109"}],"wp:term":[{"taxonomy":"category","embeddable":true,"href":"https:\/\/agora.xtec.cat\/escolalavilapalamos\/wp-json\/wp\/v2\/categories?post=14109"},{"taxonomy":"post_tag","embeddable":true,"href":"https:\/\/agora.xtec.cat\/escolalavilapalamos\/wp-json\/wp\/v2\/tags?post=14109"}],"curies":[{"name":"wp","href":"https:\/\/api.w.org\/{rel}","templated":true}]}}