{"id":14089,"date":"2023-11-23T17:46:59","date_gmt":"2023-11-23T16:46:59","guid":{"rendered":"https:\/\/agora.xtec.cat\/escolalavilapalamos\/?p=14089"},"modified":"2023-11-24T09:46:16","modified_gmt":"2023-11-24T08:46:16","slug":"mercat-de-la-joguina-solidaria-3","status":"publish","type":"post","link":"https:\/\/agora.xtec.cat\/escolalavilapalamos\/general\/mercat-de-la-joguina-solidaria-3\/","title":{"rendered":"Mercat de la Joguina solid\u00e0ria"},"content":{"rendered":"<p>Com cada any, durant el mes de desembre es dur\u00e0 a terme el <strong>mercat solidari de joguines<\/strong>. A difer\u00e8ncia d&#8217;altres anys, aquest curs no es realitzar\u00e0 la recollida de joguines als centres. A la carta que <a href=\"https:\/\/drive.google.com\/file\/d\/1MRNib92EeqMY0vopMh3v6B7LYnDA7Hcw\/view?usp=sharing\">enllacem<\/a> s&#8217;exposen els motius pels quals no es fa la recollida.<\/p>\n<p>El mercat es far\u00e0 a la pla\u00e7a dels Arbres els propers dissabtes <strong>9 i 16 de desembre de les 8.30h a les 21.30h.<\/strong> En cas de mal temps es faria a l&#8217;interior de l&#8217;Espai Jove.<\/p>\n<p>Gr\u00e0cies per la vostra col\u00b7laboraci\u00f3,<\/p>\n<p>Donem una segona vida a les joguines!<\/p>\n<div><a href=\"https:\/\/agora.xtec.cat\/escolalavilapalamos\/wp-content\/uploads\/usu897\/2023\/11\/caja-juguetes.jpg\"><img loading=\"lazy\" decoding=\"async\" class=\"alignleft wp-image-14090 size-full\" src=\"https:\/\/agora.xtec.cat\/escolalavilapalamos\/wp-content\/uploads\/usu897\/2023\/11\/caja-juguetes.jpg\" alt=\"\" width=\"1920\" height=\"580\" srcset=\"https:\/\/agora.xtec.cat\/escolalavilapalamos\/wp-content\/uploads\/usu897\/2023\/11\/caja-juguetes.jpg 1920w, https:\/\/agora.xtec.cat\/escolalavilapalamos\/wp-content\/uploads\/usu897\/2023\/11\/caja-juguetes-300x91.jpg 300w, https:\/\/agora.xtec.cat\/escolalavilapalamos\/wp-content\/uploads\/usu897\/2023\/11\/caja-juguetes-1024x309.jpg 1024w, https:\/\/agora.xtec.cat\/escolalavilapalamos\/wp-content\/uploads\/usu897\/2023\/11\/caja-juguetes-768x232.jpg 768w, https:\/\/agora.xtec.cat\/escolalavilapalamos\/wp-content\/uploads\/usu897\/2023\/11\/caja-juguetes-1536x464.jpg 1536w\" sizes=\"auto, (max-width: 1920px) 100vw, 1920px\" \/><\/a><\/div>\n<div class=\"gmail_default\"><\/div>\n<div><\/div>\n<div><\/div>\n<div><\/div>\n<div><\/div>\n<div><\/div>\n<div><\/div>\n<div><\/div>\n<div><\/div>\n","protected":false},"excerpt":{"rendered":"<p>Com cada any, durant el mes de desembre es dur\u00e0 a terme el mercat solidari de joguines. A difer\u00e8ncia d&#8217;altres anys, aquest curs no es realitzar\u00e0 la recollida de joguines als centres. A la carta que <a href=\"https:\/\/drive.google.com\/file\/d\/1MRNib92EeqMY0vopMh3v6B7LYnDA7Hcw\/view?usp=sharing\">enllacem<\/a> s&#8217;exposen els motius pels quals no es&hellip;  <a href=\"https:\/\/agora.xtec.cat\/escolalavilapalamos\/general\/mercat-de-la-joguina-solidaria-3\/\" title=\"Read Mercat de la Joguina solid\u00e0ria\">Llegeix m\u00e9s\u00bb<\/a><\/p>\n","protected":false},"author":1,"featured_media":0,"comment_status":"open","ping_status":"closed","sticky":false,"template":"","format":"standard","meta":{"_bbp_topic_count":0,"_bbp_reply_count":0,"_bbp_total_topic_count":0,"_bbp_total_reply_count":0,"_bbp_voice_count":0,"_bbp_anonymous_reply_count":0,"_bbp_topic_count_hidden":0,"_bbp_reply_count_hidden":0,"_bbp_forum_subforum_count":0,"footnotes":""},"categories":[7,128,127,2,1,4],"tags":[],"class_list":["post-14089","post","type-post","status-publish","format-standard","hentry","category-ampa","category-comunitat-de-grans","category-comunitat-de-mitjans","category-infantil","category-general","category-portada"],"post_mailing_queue_ids":[],"_links":{"self":[{"href":"https:\/\/agora.xtec.cat\/escolalavilapalamos\/wp-json\/wp\/v2\/posts\/14089","targetHints":{"allow":["GET"]}}],"collection":[{"href":"https:\/\/agora.xtec.cat\/escolalavilapalamos\/wp-json\/wp\/v2\/posts"}],"about":[{"href":"https:\/\/agora.xtec.cat\/escolalavilapalamos\/wp-json\/wp\/v2\/types\/post"}],"author":[{"embeddable":true,"href":"https:\/\/agora.xtec.cat\/escolalavilapalamos\/wp-json\/wp\/v2\/users\/1"}],"replies":[{"embeddable":true,"href":"https:\/\/agora.xtec.cat\/escolalavilapalamos\/wp-json\/wp\/v2\/comments?post=14089"}],"version-history":[{"count":6,"href":"https:\/\/agora.xtec.cat\/escolalavilapalamos\/wp-json\/wp\/v2\/posts\/14089\/revisions"}],"predecessor-version":[{"id":14096,"href":"https:\/\/agora.xtec.cat\/escolalavilapalamos\/wp-json\/wp\/v2\/posts\/14089\/revisions\/14096"}],"wp:attachment":[{"href":"https:\/\/agora.xtec.cat\/escolalavilapalamos\/wp-json\/wp\/v2\/media?parent=14089"}],"wp:term":[{"taxonomy":"category","embeddable":true,"href":"https:\/\/agora.xtec.cat\/escolalavilapalamos\/wp-json\/wp\/v2\/categories?post=14089"},{"taxonomy":"post_tag","embeddable":true,"href":"https:\/\/agora.xtec.cat\/escolalavilapalamos\/wp-json\/wp\/v2\/tags?post=14089"}],"curies":[{"name":"wp","href":"https:\/\/api.w.org\/{rel}","templated":true}]}}