{"id":14085,"date":"2023-11-23T14:58:13","date_gmt":"2023-11-23T13:58:13","guid":{"rendered":"https:\/\/agora.xtec.cat\/escolalavilapalamos\/?p=14085"},"modified":"2023-11-23T15:18:44","modified_gmt":"2023-11-23T14:18:44","slug":"anem-a-la-biblioteca-municipal","status":"publish","type":"post","link":"https:\/\/agora.xtec.cat\/escolalavilapalamos\/general\/anem-a-la-biblioteca-municipal\/","title":{"rendered":"ANEM A LA BIBLIOTECA MUNICIPAL"},"content":{"rendered":"<p><span style=\"font-weight: 400;\">Els infants de la Comunitat de Petits han iniciat les visites a la <\/span><a href=\"https:\/\/www.bibgirona.cat\/biblioteca\/palamos\"><span style=\"font-weight: 400;\">\u00a0Biblioteca Municipal de Palam\u00f3s.<\/span><\/a><span style=\"font-weight: 400;\"> A la primera visita, la N\u00faria (bibliotec\u00e0ria) ens va ensenyar\u00a0 l\u2019espai dels contes infantils i ens explica com tenir cura dels contes que podem agafar de les lleixes i armaris que tenim a l\u2019abast. Ens explica que els llibres i els contes s\u00f3n uns tresors!<\/span><\/p>\n<p><span style=\"font-weight: 400;\">A l&#8217;estora de colors, ens reunim en rotllana per gaudir de l\u2019explicaci\u00f3 d\u2019un conte, en el que podem participar de les accions, onomatopeies, imaginar situacions i gaudir del relat. En acabar, tenim una estona per poder escollir lliurement\u00a0 un conte. \u00c9s una estona per continuar\u00a0 fent lectura d\u2019imatges, descodificant els signes escrits,\u00a0 imaginant, compartint amb els companys i companyes les hist\u00f2ries que anem observant en els contes escollits.\u00a0<\/span><\/p>\n<p><span style=\"font-weight: 400;\">Aquesta activitat la repetirem, un cop al mes,\u00a0 al llarg de tot el curs, amb l\u2019objectiu de gaudir i participar en les\u00a0 propostes de literatura infantil, descobrint, explorant i apreciant la bellesa del llenguatge literari. \u00c9s una activitat on els infants, poden desenvolupar la comunicaci\u00f3 oral, adquirir nou vocabulari i millorar la comprensi\u00f3. El treball amb els contes afavoreix la imaginaci\u00f3, la creativitat, el llenguatge, els valors,\u00a0 la gesti\u00f3 de les emocions i fomenta la capacitat d\u2019escolta i l\u2019atenci\u00f3.<\/span><\/p>\n<p><span style=\"font-weight: 400;\">A la biblioteca, ens esperen moments m\u00e0gics on gaudir de noves aventures!<\/span><\/p>\n<p style=\"text-align: center;\"><a href=\"https:\/\/photos.app.goo.gl\/nH8EYcAWei4qJd7z8\"><img loading=\"lazy\" decoding=\"async\" class=\"\" src=\"https:\/\/agora.xtec.cat\/escolalavilapalamos\/wp-content\/uploads\/usu897\/2021\/10\/20211005_165401.jpg\" alt=\"P3 visitem la Biblioteca Municipal | Escola La Vila\" width=\"279\" height=\"209\" \/><\/a><\/p>\n<p style=\"text-align: center;\"><em>Podeu veure les fotos clicant la imatge.<\/em><\/p>\n","protected":false},"excerpt":{"rendered":"<p>Els infants de la Comunitat de Petits han iniciat les visites a la <a href=\"https:\/\/www.bibgirona.cat\/biblioteca\/palamos\">\u00a0Biblioteca Municipal de Palam\u00f3s.<\/a> A la primera visita, la N\u00faria (bibliotec\u00e0ria) ens va ensenyar\u00a0 l\u2019espai dels contes infantils i ens explica com tenir cura dels contes que podem agafar de les&hellip;  <a href=\"https:\/\/agora.xtec.cat\/escolalavilapalamos\/general\/anem-a-la-biblioteca-municipal\/\" title=\"Read ANEM A LA BIBLIOTECA MUNICIPAL\">Llegeix m\u00e9s\u00bb<\/a><\/p>\n","protected":false},"author":128,"featured_media":0,"comment_status":"open","ping_status":"closed","sticky":false,"template":"","format":"standard","meta":{"_bbp_topic_count":0,"_bbp_reply_count":0,"_bbp_total_topic_count":0,"_bbp_total_reply_count":0,"_bbp_voice_count":0,"_bbp_anonymous_reply_count":0,"_bbp_topic_count_hidden":0,"_bbp_reply_count_hidden":0,"_bbp_forum_subforum_count":0,"footnotes":""},"categories":[1,4],"tags":[],"class_list":["post-14085","post","type-post","status-publish","format-standard","hentry","category-general","category-portada"],"post_mailing_queue_ids":[],"_links":{"self":[{"href":"https:\/\/agora.xtec.cat\/escolalavilapalamos\/wp-json\/wp\/v2\/posts\/14085","targetHints":{"allow":["GET"]}}],"collection":[{"href":"https:\/\/agora.xtec.cat\/escolalavilapalamos\/wp-json\/wp\/v2\/posts"}],"about":[{"href":"https:\/\/agora.xtec.cat\/escolalavilapalamos\/wp-json\/wp\/v2\/types\/post"}],"author":[{"embeddable":true,"href":"https:\/\/agora.xtec.cat\/escolalavilapalamos\/wp-json\/wp\/v2\/users\/128"}],"replies":[{"embeddable":true,"href":"https:\/\/agora.xtec.cat\/escolalavilapalamos\/wp-json\/wp\/v2\/comments?post=14085"}],"version-history":[{"count":3,"href":"https:\/\/agora.xtec.cat\/escolalavilapalamos\/wp-json\/wp\/v2\/posts\/14085\/revisions"}],"predecessor-version":[{"id":14087,"href":"https:\/\/agora.xtec.cat\/escolalavilapalamos\/wp-json\/wp\/v2\/posts\/14085\/revisions\/14087"}],"wp:attachment":[{"href":"https:\/\/agora.xtec.cat\/escolalavilapalamos\/wp-json\/wp\/v2\/media?parent=14085"}],"wp:term":[{"taxonomy":"category","embeddable":true,"href":"https:\/\/agora.xtec.cat\/escolalavilapalamos\/wp-json\/wp\/v2\/categories?post=14085"},{"taxonomy":"post_tag","embeddable":true,"href":"https:\/\/agora.xtec.cat\/escolalavilapalamos\/wp-json\/wp\/v2\/tags?post=14085"}],"curies":[{"name":"wp","href":"https:\/\/api.w.org\/{rel}","templated":true}]}}