{"id":14071,"date":"2023-11-21T09:44:30","date_gmt":"2023-11-21T08:44:30","guid":{"rendered":"https:\/\/agora.xtec.cat\/escolalavilapalamos\/?p=14071"},"modified":"2023-11-21T09:44:30","modified_gmt":"2023-11-21T08:44:30","slug":"eleccions-al-consell-escolar-4","status":"publish","type":"post","link":"https:\/\/agora.xtec.cat\/escolalavilapalamos\/general\/eleccions-al-consell-escolar-4\/","title":{"rendered":"ELECCIONS AL CONSELL ESCOLAR"},"content":{"rendered":"<p><strong>El consell escolar del centre<\/strong> \u00e9s l\u2019<strong>\u00f2rgan de participaci\u00f3<\/strong> de la comunitat escolar en el govern del centre. En el consell escolar hi ha representats tots els col\u00b7lectius que intervenen en la comunitat educativa: direcci\u00f3, mestres, alumnat, mares i pares, personal d\u2019administraci\u00f3 i serveis, etc.<\/p>\n<p>En aquesta ocasi\u00f3 s\u2019ha de renovar <em>2 representants de les fam\u00edlies<\/em>, <em>2 de representants dels mestres<\/em> i <em>un representant del PAS<\/em>.<\/p>\n<p><em><strong>CANDIDATES AL CONSELL ESCOLAR<\/strong><\/em> (sector fam\u00edlies)<\/p>\n<ul style=\"list-style-type: square;\">\n<li><strong>AGATA ADAMEK<\/strong> (mare de l&#8217;Amadeo de 5\u00e8 i la Lara d&#8217;I5)<\/li>\n<li><strong>MARTA TABERNER<\/strong> (mare d&#8217;en Maiol, de 1r)<\/li>\n<\/ul>\n<p>En els centres p\u00fablics, la funci\u00f3 principal del consell escolar \u00e9s <strong>participar en la presa de decisions en relaci\u00f3 amb aquells temes importants per al funcionament i l\u2019organitzaci\u00f3 del centre<\/strong>: el projecte educatiu, la programaci\u00f3 general, la gesti\u00f3 econ\u00f2mica, etc. Els membres del consell escolar s\u00f3n elegits per un per\u00edode de quatre anys i es renoven per meitats cada dos anys.<\/p>\n<p><strong>Les eleccions del sector pares i mares s\u00f3n el DIMECRES 22 DE NOVEMBRE de 8:30 a 16.15h, a l&#8217;aula d&#8217;acollida. Cal portar el DNI\/NIE.<br \/>\n<\/strong><\/p>\n<p>Us hi esperem!!<\/p>\n<p><a href=\"https:\/\/agora.xtec.cat\/escolalavilapalamos\/wp-content\/uploads\/usu897\/2023\/11\/Consell-escolar.jpg\"><img loading=\"lazy\" decoding=\"async\" class=\"wp-image-14077 aligncenter\" src=\"https:\/\/agora.xtec.cat\/escolalavilapalamos\/wp-content\/uploads\/usu897\/2023\/11\/Consell-escolar.jpg\" alt=\"\" width=\"502\" height=\"303\" srcset=\"https:\/\/agora.xtec.cat\/escolalavilapalamos\/wp-content\/uploads\/usu897\/2023\/11\/Consell-escolar.jpg 693w, https:\/\/agora.xtec.cat\/escolalavilapalamos\/wp-content\/uploads\/usu897\/2023\/11\/Consell-escolar-300x181.jpg 300w\" sizes=\"auto, (max-width: 502px) 100vw, 502px\" \/><\/a><\/p>\n","protected":false},"excerpt":{"rendered":"<p>El consell escolar del centre \u00e9s l\u2019\u00f2rgan de participaci\u00f3 de la comunitat escolar en el govern del centre. En el consell escolar hi ha representats tots els col\u00b7lectius que intervenen en la comunitat educativa: direcci\u00f3, mestres, alumnat, mares i pares, personal d\u2019administraci\u00f3 i serveis, etc.<br \/>\nEn&hellip;  <a href=\"https:\/\/agora.xtec.cat\/escolalavilapalamos\/general\/eleccions-al-consell-escolar-4\/\" title=\"Read ELECCIONS AL CONSELL ESCOLAR\">Llegeix m\u00e9s\u00bb<\/a><\/p>\n","protected":false},"author":1,"featured_media":0,"comment_status":"open","ping_status":"closed","sticky":false,"template":"","format":"standard","meta":{"_bbp_topic_count":0,"_bbp_reply_count":0,"_bbp_total_topic_count":0,"_bbp_total_reply_count":0,"_bbp_voice_count":0,"_bbp_anonymous_reply_count":0,"_bbp_topic_count_hidden":0,"_bbp_reply_count_hidden":0,"_bbp_forum_subforum_count":0,"footnotes":""},"categories":[7,139,1,4],"tags":[],"class_list":["post-14071","post","type-post","status-publish","format-standard","hentry","category-ampa","category-escrivim-noticies-a-la-web","category-general","category-portada"],"post_mailing_queue_ids":[],"_links":{"self":[{"href":"https:\/\/agora.xtec.cat\/escolalavilapalamos\/wp-json\/wp\/v2\/posts\/14071","targetHints":{"allow":["GET"]}}],"collection":[{"href":"https:\/\/agora.xtec.cat\/escolalavilapalamos\/wp-json\/wp\/v2\/posts"}],"about":[{"href":"https:\/\/agora.xtec.cat\/escolalavilapalamos\/wp-json\/wp\/v2\/types\/post"}],"author":[{"embeddable":true,"href":"https:\/\/agora.xtec.cat\/escolalavilapalamos\/wp-json\/wp\/v2\/users\/1"}],"replies":[{"embeddable":true,"href":"https:\/\/agora.xtec.cat\/escolalavilapalamos\/wp-json\/wp\/v2\/comments?post=14071"}],"version-history":[{"count":6,"href":"https:\/\/agora.xtec.cat\/escolalavilapalamos\/wp-json\/wp\/v2\/posts\/14071\/revisions"}],"predecessor-version":[{"id":14082,"href":"https:\/\/agora.xtec.cat\/escolalavilapalamos\/wp-json\/wp\/v2\/posts\/14071\/revisions\/14082"}],"wp:attachment":[{"href":"https:\/\/agora.xtec.cat\/escolalavilapalamos\/wp-json\/wp\/v2\/media?parent=14071"}],"wp:term":[{"taxonomy":"category","embeddable":true,"href":"https:\/\/agora.xtec.cat\/escolalavilapalamos\/wp-json\/wp\/v2\/categories?post=14071"},{"taxonomy":"post_tag","embeddable":true,"href":"https:\/\/agora.xtec.cat\/escolalavilapalamos\/wp-json\/wp\/v2\/tags?post=14071"}],"curies":[{"name":"wp","href":"https:\/\/api.w.org\/{rel}","templated":true}]}}