{"id":14058,"date":"2023-11-07T09:00:16","date_gmt":"2023-11-07T08:00:16","guid":{"rendered":"https:\/\/agora.xtec.cat\/escolalavilapalamos\/?p=14058"},"modified":"2023-11-18T22:17:42","modified_gmt":"2023-11-18T21:17:42","slug":"5e-i-6e-van-a-la-gorga-a-veure-magia","status":"publish","type":"post","link":"https:\/\/agora.xtec.cat\/escolalavilapalamos\/general\/5e-i-6e-van-a-la-gorga-a-veure-magia\/","title":{"rendered":"5\u00e8 i 6\u00e8 van a La Gorga a veure m\u00e0gia"},"content":{"rendered":"<p><img loading=\"lazy\" decoding=\"async\" class=\"wp-image-14060 alignright\" src=\"https:\/\/agora.xtec.cat\/escolalavilapalamos\/wp-content\/uploads\/usu897\/2023\/11\/lumiere_018.jpg-870x580-1.jpg\" alt=\"\" width=\"360\" height=\"240\" srcset=\"https:\/\/agora.xtec.cat\/escolalavilapalamos\/wp-content\/uploads\/usu897\/2023\/11\/lumiere_018.jpg-870x580-1.jpg 870w, https:\/\/agora.xtec.cat\/escolalavilapalamos\/wp-content\/uploads\/usu897\/2023\/11\/lumiere_018.jpg-870x580-1-300x200.jpg 300w, https:\/\/agora.xtec.cat\/escolalavilapalamos\/wp-content\/uploads\/usu897\/2023\/11\/lumiere_018.jpg-870x580-1-768x512.jpg 768w\" sizes=\"auto, (max-width: 360px) 100vw, 360px\" \/>El proper <strong>divendres 10 de novembre a les 9:30h <\/strong>els nois i noies de 5\u00e8 i 6\u00e8 van a veure l&#8217;espectacle<a href=\"https:\/\/txemamunoz.com\/lumiere\/\"><em> Lumi\u00e8re<\/em><\/a> de <a href=\"https:\/\/txemamunoz.com\/\">Cia. Txema Mag<\/a> a La Gorga.<\/p>\n<p>Com si fos una pel\u00b7l\u00edcula de cinema mut mudo, Txema Mu\u00f1oz desitja que arribi el tren. Mentre no arriba, la seva imaginaci\u00f3 anir\u00e0 m\u00e9s enll\u00e0 de l&#8217;estaci\u00f3 on es troba. Una bombeta, una jaqueta i la seva motxilla el transportaran\u00a0 a un lloc m\u00e0gic, entranyable i c\u00f2mic.<\/p>\n<p><iframe loading=\"lazy\" src=\"\/\/www.youtube.com\/embed\/G1SuI_4kjQQ?si=yygcfS7kNkRkLesX\" width=\"560\" height=\"314\" allowfullscreen=\"allowfullscreen\"><\/iframe><\/p>\n<p><em>\u00a0<\/em><\/p>\n<p>&nbsp;<\/p>\n","protected":false},"excerpt":{"rendered":"<p>El proper divendres 10 de novembre a les 9:30h els nois i noies de 5\u00e8 i 6\u00e8 van a veure l&#8217;espectacle<a href=\"https:\/\/txemamunoz.com\/lumiere\/\"> Lumi\u00e8re<\/a> de <a href=\"https:\/\/txemamunoz.com\/\">Cia. Txema Mag<\/a> a La Gorga.<br \/>\nCom si fos una pel\u00b7l\u00edcula de cinema mut mudo, Txema Mu\u00f1oz desitja que arribi el&hellip;  <a href=\"https:\/\/agora.xtec.cat\/escolalavilapalamos\/general\/5e-i-6e-van-a-la-gorga-a-veure-magia\/\" title=\"Read 5\u00e8 i 6\u00e8 van a La Gorga a veure m\u00e0gia\">Llegeix m\u00e9s\u00bb<\/a><\/p>\n","protected":false},"author":1,"featured_media":0,"comment_status":"open","ping_status":"closed","sticky":false,"template":"","format":"standard","meta":{"_bbp_topic_count":0,"_bbp_reply_count":0,"_bbp_total_topic_count":0,"_bbp_total_reply_count":0,"_bbp_voice_count":0,"_bbp_anonymous_reply_count":0,"_bbp_topic_count_hidden":0,"_bbp_reply_count_hidden":0,"_bbp_forum_subforum_count":0,"footnotes":""},"categories":[128,1,4],"tags":[],"class_list":["post-14058","post","type-post","status-publish","format-standard","hentry","category-comunitat-de-grans","category-general","category-portada"],"post_mailing_queue_ids":[],"_links":{"self":[{"href":"https:\/\/agora.xtec.cat\/escolalavilapalamos\/wp-json\/wp\/v2\/posts\/14058","targetHints":{"allow":["GET"]}}],"collection":[{"href":"https:\/\/agora.xtec.cat\/escolalavilapalamos\/wp-json\/wp\/v2\/posts"}],"about":[{"href":"https:\/\/agora.xtec.cat\/escolalavilapalamos\/wp-json\/wp\/v2\/types\/post"}],"author":[{"embeddable":true,"href":"https:\/\/agora.xtec.cat\/escolalavilapalamos\/wp-json\/wp\/v2\/users\/1"}],"replies":[{"embeddable":true,"href":"https:\/\/agora.xtec.cat\/escolalavilapalamos\/wp-json\/wp\/v2\/comments?post=14058"}],"version-history":[{"count":2,"href":"https:\/\/agora.xtec.cat\/escolalavilapalamos\/wp-json\/wp\/v2\/posts\/14058\/revisions"}],"predecessor-version":[{"id":14061,"href":"https:\/\/agora.xtec.cat\/escolalavilapalamos\/wp-json\/wp\/v2\/posts\/14058\/revisions\/14061"}],"wp:attachment":[{"href":"https:\/\/agora.xtec.cat\/escolalavilapalamos\/wp-json\/wp\/v2\/media?parent=14058"}],"wp:term":[{"taxonomy":"category","embeddable":true,"href":"https:\/\/agora.xtec.cat\/escolalavilapalamos\/wp-json\/wp\/v2\/categories?post=14058"},{"taxonomy":"post_tag","embeddable":true,"href":"https:\/\/agora.xtec.cat\/escolalavilapalamos\/wp-json\/wp\/v2\/tags?post=14058"}],"curies":[{"name":"wp","href":"https:\/\/api.w.org\/{rel}","templated":true}]}}