{"id":14048,"date":"2023-11-06T09:00:34","date_gmt":"2023-11-06T08:00:34","guid":{"rendered":"https:\/\/agora.xtec.cat\/escolalavilapalamos\/?p=14048"},"modified":"2023-11-18T21:51:30","modified_gmt":"2023-11-18T20:51:30","slug":"i4-i-i5-al-teatre-la-gorga","status":"publish","type":"post","link":"https:\/\/agora.xtec.cat\/escolalavilapalamos\/general\/i4-i-i5-al-teatre-la-gorga\/","title":{"rendered":"I4 i I5 al Teatre La Gorga"},"content":{"rendered":"<p><img loading=\"lazy\" decoding=\"async\" class=\"alignleft wp-image-14050\" src=\"https:\/\/agora.xtec.cat\/escolalavilapalamos\/wp-content\/uploads\/usu897\/2023\/11\/horizon-cat-1024x705.jpeg\" alt=\"\" width=\"392\" height=\"270\" srcset=\"https:\/\/agora.xtec.cat\/escolalavilapalamos\/wp-content\/uploads\/usu897\/2023\/11\/horizon-cat-1024x705.jpeg 1024w, https:\/\/agora.xtec.cat\/escolalavilapalamos\/wp-content\/uploads\/usu897\/2023\/11\/horizon-cat-300x207.jpeg 300w, https:\/\/agora.xtec.cat\/escolalavilapalamos\/wp-content\/uploads\/usu897\/2023\/11\/horizon-cat-768x529.jpeg 768w, https:\/\/agora.xtec.cat\/escolalavilapalamos\/wp-content\/uploads\/usu897\/2023\/11\/horizon-cat.jpeg 1080w\" sizes=\"auto, (max-width: 392px) 100vw, 392px\" \/>El proper <strong>dijous 9 de novembre<\/strong> a les 9:30h els nens i nenes d&#8217;I4 i I5 van a veure <a href=\"https:\/\/www.tutatis.es\/el-monstre-de-colors-p-23-ca\">El monstre de colors<\/a> de <a href=\"https:\/\/www.tutatis.es\/inici\">Cia. Tutatis i Transeduca<\/a> a La Gorga.<\/p>\n<p>El monstre de colors \u00e9s un espectacle de titelles, m\u00fasica i colors per fer viatjar als m\u00e9s menuts pel m\u00f3n de les emocions. <span class=\"yt-core-attributed-string yt-core-attributed-string--white-space-pre-wrap\" role=\"text\"><span class=\"yt-core-attributed-string--link-inherit-color\">Adaptaci\u00f3 teatral de \u201cEl Monstre de Colors\u201d, l\u2019obra d\u2019Anna Llenas.<\/span><\/span><\/p>\n<p><span class=\"yt-core-attributed-string yt-core-attributed-string--white-space-pre-wrap\" role=\"text\"><span class=\"yt-core-attributed-string--link-inherit-color\">El color groc vol dir que est\u00e0s content. El blau \u00e9s la tristesa, el vermell \u00e9s la r\u00e0bia, el negre la por\u2026 El verd\u2026 Quin embolic! Cada color representa una emoci\u00f3, per\u00f2 cal saber entendre-les per posa-les en ordre. <\/span><\/span><\/p>\n<p><iframe loading=\"lazy\" src=\"\/\/www.youtube.com\/embed\/YA5bNio4hXs?si=hU6hDvjWSdA-uzhx\" width=\"560\" height=\"314\" allowfullscreen=\"allowfullscreen\"><\/iframe><\/p>\n<p>&nbsp;<\/p>\n","protected":false},"excerpt":{"rendered":"<p>El proper dijous 9 de novembre a les 9:30h els nens i nenes d&#8217;I4 i I5 van a veure <a href=\"https:\/\/www.tutatis.es\/el-monstre-de-colors-p-23-ca\">El monstre de colors<\/a> de <a href=\"https:\/\/www.tutatis.es\/inici\">Cia. Tutatis i Transeduca<\/a> a La Gorga.<br \/>\nEl monstre de colors \u00e9s un espectacle de titelles, m\u00fasica i colors per&hellip;  <a href=\"https:\/\/agora.xtec.cat\/escolalavilapalamos\/general\/i4-i-i5-al-teatre-la-gorga\/\" title=\"Read I4 i I5 al Teatre La Gorga\">Llegeix m\u00e9s\u00bb<\/a><\/p>\n","protected":false},"author":1,"featured_media":14052,"comment_status":"open","ping_status":"closed","sticky":false,"template":"","format":"standard","meta":{"_bbp_topic_count":0,"_bbp_reply_count":0,"_bbp_total_topic_count":0,"_bbp_total_reply_count":0,"_bbp_voice_count":0,"_bbp_anonymous_reply_count":0,"_bbp_topic_count_hidden":0,"_bbp_reply_count_hidden":0,"_bbp_forum_subforum_count":0,"footnotes":""},"categories":[2,1,4],"tags":[],"class_list":["post-14048","post","type-post","status-publish","format-standard","has-post-thumbnail","hentry","category-infantil","category-general","category-portada"],"post_mailing_queue_ids":[],"_links":{"self":[{"href":"https:\/\/agora.xtec.cat\/escolalavilapalamos\/wp-json\/wp\/v2\/posts\/14048","targetHints":{"allow":["GET"]}}],"collection":[{"href":"https:\/\/agora.xtec.cat\/escolalavilapalamos\/wp-json\/wp\/v2\/posts"}],"about":[{"href":"https:\/\/agora.xtec.cat\/escolalavilapalamos\/wp-json\/wp\/v2\/types\/post"}],"author":[{"embeddable":true,"href":"https:\/\/agora.xtec.cat\/escolalavilapalamos\/wp-json\/wp\/v2\/users\/1"}],"replies":[{"embeddable":true,"href":"https:\/\/agora.xtec.cat\/escolalavilapalamos\/wp-json\/wp\/v2\/comments?post=14048"}],"version-history":[{"count":3,"href":"https:\/\/agora.xtec.cat\/escolalavilapalamos\/wp-json\/wp\/v2\/posts\/14048\/revisions"}],"predecessor-version":[{"id":14053,"href":"https:\/\/agora.xtec.cat\/escolalavilapalamos\/wp-json\/wp\/v2\/posts\/14048\/revisions\/14053"}],"wp:featuredmedia":[{"embeddable":true,"href":"https:\/\/agora.xtec.cat\/escolalavilapalamos\/wp-json\/wp\/v2\/media\/14052"}],"wp:attachment":[{"href":"https:\/\/agora.xtec.cat\/escolalavilapalamos\/wp-json\/wp\/v2\/media?parent=14048"}],"wp:term":[{"taxonomy":"category","embeddable":true,"href":"https:\/\/agora.xtec.cat\/escolalavilapalamos\/wp-json\/wp\/v2\/categories?post=14048"},{"taxonomy":"post_tag","embeddable":true,"href":"https:\/\/agora.xtec.cat\/escolalavilapalamos\/wp-json\/wp\/v2\/tags?post=14048"}],"curies":[{"name":"wp","href":"https:\/\/api.w.org\/{rel}","templated":true}]}}