{"id":14043,"date":"2023-11-10T09:00:02","date_gmt":"2023-11-10T08:00:02","guid":{"rendered":"https:\/\/agora.xtec.cat\/escolalavilapalamos\/?p=14043"},"modified":"2023-11-18T21:42:41","modified_gmt":"2023-11-18T20:42:41","slug":"1r-i-2n-van-a-la-gorga-a-veure-teatre-2","status":"publish","type":"post","link":"https:\/\/agora.xtec.cat\/escolalavilapalamos\/general\/1r-i-2n-van-a-la-gorga-a-veure-teatre-2\/","title":{"rendered":"1r i 2n van a La Gorga a veure Teatre"},"content":{"rendered":"<p><img loading=\"lazy\" decoding=\"async\" class=\"wp-image-14044 alignleft\" src=\"https:\/\/agora.xtec.cat\/escolalavilapalamos\/wp-content\/uploads\/usu897\/2023\/11\/24.sopadepedres.jpg-869x580-1.jpg\" alt=\"\" width=\"451\" height=\"301\" srcset=\"https:\/\/agora.xtec.cat\/escolalavilapalamos\/wp-content\/uploads\/usu897\/2023\/11\/24.sopadepedres.jpg-869x580-1.jpg 869w, https:\/\/agora.xtec.cat\/escolalavilapalamos\/wp-content\/uploads\/usu897\/2023\/11\/24.sopadepedres.jpg-869x580-1-300x200.jpg 300w, https:\/\/agora.xtec.cat\/escolalavilapalamos\/wp-content\/uploads\/usu897\/2023\/11\/24.sopadepedres.jpg-869x580-1-768x513.jpg 768w\" sizes=\"auto, (max-width: 451px) 100vw, 451px\" \/>El proper <strong>dimarts 14 de novembre<\/strong> a les 9:30h del mat\u00ed els nens i nenes de 1r i 2n van a veure <a href=\"http:\/\/engrunateatre.com\/index.php\/cat\/sinopsi-sopa-ca\"><em>Sopa de pedres<\/em> <\/a>de <a href=\"http:\/\/engrunateatre.com\/index.php\/cat\/\">Cia. Engruna Teatre<\/a> a La Gorga.<\/p>\n<p>SOPA DE PEDRES \u00e9s la hist\u00f2ria de l\u2019Alma, una nena que ha de fugir del seu pa\u00eds perqu\u00e8 veu com al cel enlloc de volar-hi estels un dia hi arriben els avions. Despr\u00e9s d\u2019un llarg viatge, arriba a un indret desconegut on aparentment tothom t\u00e9 de tot per\u00f2 no volen compartir res amb ella. Amb enginy i intel\u00b7lig\u00e8ncia fa una sopa de pedres que transforma l\u2019individualisme de tot un poble en una feina en equip i dona una lli\u00e7\u00f3 de vida a tots aquells que inicialment li havien tancat la porta.<\/p>\n<p>&nbsp;<\/p>\n<p><iframe loading=\"lazy\" src=\"\/\/www.youtube.com\/embed\/ubM7cahXYh8?si=27K1_mZK7Pv6SCTW\" width=\"560\" height=\"314\" allowfullscreen=\"allowfullscreen\"><\/iframe><\/p>\n","protected":false},"excerpt":{"rendered":"<p>El proper dimarts 14 de novembre a les 9:30h del mat\u00ed els nens i nenes de 1r i 2n van a veure <a href=\"http:\/\/engrunateatre.com\/index.php\/cat\/sinopsi-sopa-ca\">Sopa de pedres <\/a>de <a href=\"http:\/\/engrunateatre.com\/index.php\/cat\/\">Cia. Engruna Teatre<\/a> a La Gorga.<br \/>\nSOPA DE PEDRES \u00e9s la hist\u00f2ria de l\u2019Alma, una nena que ha&hellip;  <a href=\"https:\/\/agora.xtec.cat\/escolalavilapalamos\/general\/1r-i-2n-van-a-la-gorga-a-veure-teatre-2\/\" title=\"Read 1r i 2n van a La Gorga a veure Teatre\">Llegeix m\u00e9s\u00bb<\/a><\/p>\n","protected":false},"author":1,"featured_media":0,"comment_status":"open","ping_status":"closed","sticky":false,"template":"","format":"standard","meta":{"_bbp_topic_count":0,"_bbp_reply_count":0,"_bbp_total_topic_count":0,"_bbp_total_reply_count":0,"_bbp_voice_count":0,"_bbp_anonymous_reply_count":0,"_bbp_topic_count_hidden":0,"_bbp_reply_count_hidden":0,"_bbp_forum_subforum_count":0,"footnotes":""},"categories":[127,1,4,5],"tags":[],"class_list":["post-14043","post","type-post","status-publish","format-standard","hentry","category-comunitat-de-mitjans","category-general","category-portada","category-primaria"],"post_mailing_queue_ids":[],"_links":{"self":[{"href":"https:\/\/agora.xtec.cat\/escolalavilapalamos\/wp-json\/wp\/v2\/posts\/14043","targetHints":{"allow":["GET"]}}],"collection":[{"href":"https:\/\/agora.xtec.cat\/escolalavilapalamos\/wp-json\/wp\/v2\/posts"}],"about":[{"href":"https:\/\/agora.xtec.cat\/escolalavilapalamos\/wp-json\/wp\/v2\/types\/post"}],"author":[{"embeddable":true,"href":"https:\/\/agora.xtec.cat\/escolalavilapalamos\/wp-json\/wp\/v2\/users\/1"}],"replies":[{"embeddable":true,"href":"https:\/\/agora.xtec.cat\/escolalavilapalamos\/wp-json\/wp\/v2\/comments?post=14043"}],"version-history":[{"count":3,"href":"https:\/\/agora.xtec.cat\/escolalavilapalamos\/wp-json\/wp\/v2\/posts\/14043\/revisions"}],"predecessor-version":[{"id":14047,"href":"https:\/\/agora.xtec.cat\/escolalavilapalamos\/wp-json\/wp\/v2\/posts\/14043\/revisions\/14047"}],"wp:attachment":[{"href":"https:\/\/agora.xtec.cat\/escolalavilapalamos\/wp-json\/wp\/v2\/media?parent=14043"}],"wp:term":[{"taxonomy":"category","embeddable":true,"href":"https:\/\/agora.xtec.cat\/escolalavilapalamos\/wp-json\/wp\/v2\/categories?post=14043"},{"taxonomy":"post_tag","embeddable":true,"href":"https:\/\/agora.xtec.cat\/escolalavilapalamos\/wp-json\/wp\/v2\/tags?post=14043"}],"curies":[{"name":"wp","href":"https:\/\/api.w.org\/{rel}","templated":true}]}}