{"id":14032,"date":"2023-11-08T08:30:08","date_gmt":"2023-11-08T07:30:08","guid":{"rendered":"https:\/\/agora.xtec.cat\/escolalavilapalamos\/?p=14032"},"modified":"2023-11-18T21:10:50","modified_gmt":"2023-11-18T20:10:50","slug":"excursio-de-1r-a-la-pineda-den-gori","status":"publish","type":"post","link":"https:\/\/agora.xtec.cat\/escolalavilapalamos\/general\/excursio-de-1r-a-la-pineda-den-gori\/","title":{"rendered":"Excursi\u00f3 de 1r a la Pineda d&#8217;en Gori"},"content":{"rendered":"<p><img loading=\"lazy\" decoding=\"async\" class=\" wp-image-14033 alignright\" src=\"https:\/\/agora.xtec.cat\/escolalavilapalamos\/wp-content\/uploads\/usu897\/2023\/11\/20231107_093202-1024x572.jpg\" alt=\"\" width=\"528\" height=\"295\" srcset=\"https:\/\/agora.xtec.cat\/escolalavilapalamos\/wp-content\/uploads\/usu897\/2023\/11\/20231107_093202-1024x572.jpg 1024w, https:\/\/agora.xtec.cat\/escolalavilapalamos\/wp-content\/uploads\/usu897\/2023\/11\/20231107_093202-300x168.jpg 300w, https:\/\/agora.xtec.cat\/escolalavilapalamos\/wp-content\/uploads\/usu897\/2023\/11\/20231107_093202-768x429.jpg 768w, https:\/\/agora.xtec.cat\/escolalavilapalamos\/wp-content\/uploads\/usu897\/2023\/11\/20231107_093202-1536x858.jpg 1536w, https:\/\/agora.xtec.cat\/escolalavilapalamos\/wp-content\/uploads\/usu897\/2023\/11\/20231107_093202.jpg 1598w\" sizes=\"auto, (max-width: 528px) 100vw, 528px\" \/>El dimarts 7 de novembre 1r ha fet una sortida de tardor per Palam\u00f3s. Aquest trimestre hem treballat la tardor i la sortida era l&#8217;activitat de tancament del projecte.<\/p>\n<p>Vam sortir de l&#8217;escola cap a la platja de La Fosca on vam parar a esmorzar. Vam jugar una estona a la sorra. Despr\u00e9s vam pujar al Castell de Sant Esteve on vam parar per con\u00e8ixer la seva hist\u00f2ria. Cap a les 12h vam arribar a la Pineda d&#8217;en Gori on vam dinar i jugar fins a l&#8217;hora de marxar. Des de la Pineda d&#8217;en Gori vam baixar a les barraques de Cala Pallerida d&#8217;en d&#8217;on vam poder veure Cala s&#8217;Alguer.<\/p>\n<p>Podeu veure totes les <a href=\"https:\/\/photos.app.goo.gl\/SCfEL6WpWJGD3H5x6\">fotos de la Sortida a la Pineda d&#8217;en Gori aqu\u00ed<\/a><\/p>\n","protected":false},"excerpt":{"rendered":"<p>El dimarts 7 de novembre 1r ha fet una sortida de tardor per Palam\u00f3s. Aquest trimestre hem treballat la tardor i la sortida era l&#8217;activitat de tancament del projecte.<br \/>\nVam sortir de l&#8217;escola cap a la platja de La Fosca on vam parar a esmorzar. Vam&hellip;  <a href=\"https:\/\/agora.xtec.cat\/escolalavilapalamos\/general\/excursio-de-1r-a-la-pineda-den-gori\/\" title=\"Read Excursi\u00f3 de 1r a la Pineda d&#8217;en Gori\">Llegeix m\u00e9s\u00bb<\/a><\/p>\n","protected":false},"author":1,"featured_media":0,"comment_status":"open","ping_status":"closed","sticky":false,"template":"","format":"standard","meta":{"_bbp_topic_count":0,"_bbp_reply_count":0,"_bbp_total_topic_count":0,"_bbp_total_reply_count":0,"_bbp_voice_count":0,"_bbp_anonymous_reply_count":0,"_bbp_topic_count_hidden":0,"_bbp_reply_count_hidden":0,"_bbp_forum_subforum_count":0,"footnotes":""},"categories":[127,1,4,5],"tags":[],"class_list":["post-14032","post","type-post","status-publish","format-standard","hentry","category-comunitat-de-mitjans","category-general","category-portada","category-primaria"],"post_mailing_queue_ids":[],"_links":{"self":[{"href":"https:\/\/agora.xtec.cat\/escolalavilapalamos\/wp-json\/wp\/v2\/posts\/14032","targetHints":{"allow":["GET"]}}],"collection":[{"href":"https:\/\/agora.xtec.cat\/escolalavilapalamos\/wp-json\/wp\/v2\/posts"}],"about":[{"href":"https:\/\/agora.xtec.cat\/escolalavilapalamos\/wp-json\/wp\/v2\/types\/post"}],"author":[{"embeddable":true,"href":"https:\/\/agora.xtec.cat\/escolalavilapalamos\/wp-json\/wp\/v2\/users\/1"}],"replies":[{"embeddable":true,"href":"https:\/\/agora.xtec.cat\/escolalavilapalamos\/wp-json\/wp\/v2\/comments?post=14032"}],"version-history":[{"count":2,"href":"https:\/\/agora.xtec.cat\/escolalavilapalamos\/wp-json\/wp\/v2\/posts\/14032\/revisions"}],"predecessor-version":[{"id":14035,"href":"https:\/\/agora.xtec.cat\/escolalavilapalamos\/wp-json\/wp\/v2\/posts\/14032\/revisions\/14035"}],"wp:attachment":[{"href":"https:\/\/agora.xtec.cat\/escolalavilapalamos\/wp-json\/wp\/v2\/media?parent=14032"}],"wp:term":[{"taxonomy":"category","embeddable":true,"href":"https:\/\/agora.xtec.cat\/escolalavilapalamos\/wp-json\/wp\/v2\/categories?post=14032"},{"taxonomy":"post_tag","embeddable":true,"href":"https:\/\/agora.xtec.cat\/escolalavilapalamos\/wp-json\/wp\/v2\/tags?post=14032"}],"curies":[{"name":"wp","href":"https:\/\/api.w.org\/{rel}","templated":true}]}}