{"id":14028,"date":"2023-11-20T08:41:10","date_gmt":"2023-11-20T07:41:10","guid":{"rendered":"https:\/\/agora.xtec.cat\/escolalavilapalamos\/?p=14028"},"modified":"2023-11-21T09:50:49","modified_gmt":"2023-11-21T08:50:49","slug":"berenar-de-tardor-i-setmana-de-la-ciencia-a-2n","status":"publish","type":"post","link":"https:\/\/agora.xtec.cat\/escolalavilapalamos\/portada\/berenar-de-tardor-i-setmana-de-la-ciencia-a-2n\/","title":{"rendered":"BERENAR DE TARDOR I SETMANA DE LA CI\u00c8NCIA A 2n"},"content":{"rendered":"<p><a href=\"https:\/\/agora.xtec.cat\/escolalavilapalamos\/wp-content\/uploads\/usu897\/2023\/11\/c69a3e33-468c-4de8-a68b-c37947232a3d.jpg\"><img loading=\"lazy\" decoding=\"async\" class=\"alignleft wp-image-14069\" src=\"https:\/\/agora.xtec.cat\/escolalavilapalamos\/wp-content\/uploads\/usu897\/2023\/11\/c69a3e33-468c-4de8-a68b-c37947232a3d-771x1024.jpg\" alt=\"\" width=\"179\" height=\"238\" srcset=\"https:\/\/agora.xtec.cat\/escolalavilapalamos\/wp-content\/uploads\/usu897\/2023\/11\/c69a3e33-468c-4de8-a68b-c37947232a3d-771x1024.jpg 771w, https:\/\/agora.xtec.cat\/escolalavilapalamos\/wp-content\/uploads\/usu897\/2023\/11\/c69a3e33-468c-4de8-a68b-c37947232a3d-226x300.jpg 226w, https:\/\/agora.xtec.cat\/escolalavilapalamos\/wp-content\/uploads\/usu897\/2023\/11\/c69a3e33-468c-4de8-a68b-c37947232a3d-768x1021.jpg 768w, https:\/\/agora.xtec.cat\/escolalavilapalamos\/wp-content\/uploads\/usu897\/2023\/11\/c69a3e33-468c-4de8-a68b-c37947232a3d-1156x1536.jpg 1156w, https:\/\/agora.xtec.cat\/escolalavilapalamos\/wp-content\/uploads\/usu897\/2023\/11\/c69a3e33-468c-4de8-a68b-c37947232a3d.jpg 1204w\" sizes=\"auto, (max-width: 179px) 100vw, 179px\" \/><\/a><\/p>\n<p>La tardor sembla que ha arribat, per fi.<\/p>\n<p>A 2n ho hem aprofitat per fer un berenar i con\u00e8ixer fruites de tardor, investigar sobre llavors, sabors&#8230; Tamb\u00e9 ha servit perqu\u00e8 alg\u00fa tast\u00e9s aliments que no havia provat fins ara, com els caquis&#8230; o els festucs! I va ser un gran descobriment!<\/p>\n<p>La tardor tamb\u00e9 \u00e9s \u00e8poca de pluges&#8230; tot i que no les veiem enlloc. Aix\u00ed que, aprofitant la setmana de la ci\u00e8ncia, vam decidir parlar de l&#8217;aigua&#8230; D&#8217;on ve? S&#8217;acaba? D&#8217;on traiem l&#8217;aigua que arriba a casa? I a on va la que surt? \u00c9s neta o bruta? Qu\u00e8 se&#8217;n fa? En vam parlar, vam veure un v\u00eddeo u vam fer un experiment: la nostra depuradora d&#8217;aigua.<\/p>\n<p>Vam convidar les fam\u00edlies a compartir amb nosaltres aquesta activitats i vam passar una tarda ben entretinguda!<\/p>\n<p>Gr\u00e0cies fam\u00edlies!<\/p>\n<p>Si voleu veure les fotos, cliqueu els enlla\u00e7os.<\/p>\n<div><\/div>\n<div><\/div>\n<div><a href=\"https:\/\/photos.app.goo.gl\/B36tQr7D4oCHXXft8\">SETMANA DE LA CI\u00c8NCIA A 2N<\/a><\/div>\n<div><\/div>\n<div><a href=\"https:\/\/photos.app.goo.gl\/w8yzz8XoDhXN1tcU6\">BERENAR DE TARDOR DE 2N <\/a><\/div>\n","protected":false},"excerpt":{"rendered":"<p><a href=\"https:\/\/agora.xtec.cat\/escolalavilapalamos\/wp-content\/uploads\/usu897\/2023\/11\/c69a3e33-468c-4de8-a68b-c37947232a3d.jpg\"><\/a><br \/>\nLa tardor sembla que ha arribat, per fi.<br \/>\nA 2n ho hem aprofitat per fer un berenar i con\u00e8ixer fruites de tardor, investigar sobre llavors, sabors&#8230; Tamb\u00e9 ha servit perqu\u00e8 alg\u00fa tast\u00e9s aliments que no havia provat fins ara, com els caquis&#8230; o els festucs!&hellip;  <a href=\"https:\/\/agora.xtec.cat\/escolalavilapalamos\/portada\/berenar-de-tardor-i-setmana-de-la-ciencia-a-2n\/\" title=\"Read BERENAR DE TARDOR I SETMANA DE LA CI\u00c8NCIA A 2n\">Llegeix m\u00e9s\u00bb<\/a><\/p>\n","protected":false},"author":201,"featured_media":0,"comment_status":"closed","ping_status":"closed","sticky":false,"template":"","format":"standard","meta":{"_bbp_topic_count":0,"_bbp_reply_count":0,"_bbp_total_topic_count":0,"_bbp_total_reply_count":0,"_bbp_voice_count":0,"_bbp_anonymous_reply_count":0,"_bbp_topic_count_hidden":0,"_bbp_reply_count_hidden":0,"_bbp_forum_subforum_count":0,"footnotes":""},"categories":[127,4],"tags":[],"class_list":["post-14028","post","type-post","status-publish","format-standard","hentry","category-comunitat-de-mitjans","category-portada"],"post_mailing_queue_ids":[],"_links":{"self":[{"href":"https:\/\/agora.xtec.cat\/escolalavilapalamos\/wp-json\/wp\/v2\/posts\/14028","targetHints":{"allow":["GET"]}}],"collection":[{"href":"https:\/\/agora.xtec.cat\/escolalavilapalamos\/wp-json\/wp\/v2\/posts"}],"about":[{"href":"https:\/\/agora.xtec.cat\/escolalavilapalamos\/wp-json\/wp\/v2\/types\/post"}],"author":[{"embeddable":true,"href":"https:\/\/agora.xtec.cat\/escolalavilapalamos\/wp-json\/wp\/v2\/users\/201"}],"replies":[{"embeddable":true,"href":"https:\/\/agora.xtec.cat\/escolalavilapalamos\/wp-json\/wp\/v2\/comments?post=14028"}],"version-history":[{"count":4,"href":"https:\/\/agora.xtec.cat\/escolalavilapalamos\/wp-json\/wp\/v2\/posts\/14028\/revisions"}],"predecessor-version":[{"id":14084,"href":"https:\/\/agora.xtec.cat\/escolalavilapalamos\/wp-json\/wp\/v2\/posts\/14028\/revisions\/14084"}],"wp:attachment":[{"href":"https:\/\/agora.xtec.cat\/escolalavilapalamos\/wp-json\/wp\/v2\/media?parent=14028"}],"wp:term":[{"taxonomy":"category","embeddable":true,"href":"https:\/\/agora.xtec.cat\/escolalavilapalamos\/wp-json\/wp\/v2\/categories?post=14028"},{"taxonomy":"post_tag","embeddable":true,"href":"https:\/\/agora.xtec.cat\/escolalavilapalamos\/wp-json\/wp\/v2\/tags?post=14028"}],"curies":[{"name":"wp","href":"https:\/\/api.w.org\/{rel}","templated":true}]}}