{"id":14014,"date":"2023-11-02T08:35:14","date_gmt":"2023-11-02T07:35:14","guid":{"rendered":"https:\/\/agora.xtec.cat\/escolalavilapalamos\/?p=14014"},"modified":"2023-11-13T08:37:29","modified_gmt":"2023-11-13T07:37:29","slug":"festa-castanyada-2023","status":"publish","type":"post","link":"https:\/\/agora.xtec.cat\/escolalavilapalamos\/general\/festa-castanyada-2023\/","title":{"rendered":"Festa castanyada 2023"},"content":{"rendered":"<p>Arriba <strong>la festa de la Castanyada<\/strong> a l&#8217;escola!<\/p>\n<p>Volem decorar l&#8217;escola amb detalls de tardor! Proposem a les fam\u00edlies que ho feu a casa i ho porteu a l&#8217;escola.<\/p>\n<p><strong><img loading=\"lazy\" decoding=\"async\" class=\"wp-image-12280 alignleft\" src=\"https:\/\/agora.xtec.cat\/escolalavilapalamos\/wp-content\/uploads\/usu897\/2022\/10\/castanyera-campana.jpg\" alt=\"\" width=\"263\" height=\"301\" srcset=\"https:\/\/agora.xtec.cat\/escolalavilapalamos\/wp-content\/uploads\/usu897\/2022\/10\/castanyera-campana.jpg 1500w, https:\/\/agora.xtec.cat\/escolalavilapalamos\/wp-content\/uploads\/usu897\/2022\/10\/castanyera-campana-262x300.jpg 262w, https:\/\/agora.xtec.cat\/escolalavilapalamos\/wp-content\/uploads\/usu897\/2022\/10\/castanyera-campana-894x1024.jpg 894w, https:\/\/agora.xtec.cat\/escolalavilapalamos\/wp-content\/uploads\/usu897\/2022\/10\/castanyera-campana-768x880.jpg 768w, https:\/\/agora.xtec.cat\/escolalavilapalamos\/wp-content\/uploads\/usu897\/2022\/10\/castanyera-campana-1341x1536.jpg 1341w\" sizes=\"auto, (max-width: 263px) 100vw, 263px\" \/><\/strong><\/p>\n<p><strong>El dimarts 31 d&#8217;octubre celebrarem la Castanyada a l&#8217;escola.<\/strong> Durant tot el dia hi haur\u00e0 un munt d&#8217;activitats. Els nois i noies de 6\u00e8 preparen activitats de 9h a 11h. Els m\u00e9s petits faran tallers i activitats amb fam\u00edlies volunt\u00e0ries.<\/p>\n<p>A la tarda menjarem castanyes i farem balls. <strong>A les 15:25h obrirem les portes de prim\u00e0ria a les fam\u00edlies<\/strong> per poder compartir la festa una estona junts.<\/p>\n<p>A la tarda <strong>es podr\u00e0 venir a l&#8217;escola disfressat de castanyer o castanyera.<\/strong> Els usuaris de menjador caldr\u00e0 que portin la disfressa dins d&#8217;una bossa.<\/p>\n<p><strong>Del 27 al 30 d&#8217;octubre hauran de portar 15 castanyes amb el tall fet.<br \/>\n<\/strong><\/p>\n<p><em><a href=\"https:\/\/photos.app.goo.gl\/AnthNjTHYR91DjHE6\">Fotos de la festa de la castanyada<\/a>\u00a0<\/em><\/p>\n<p>Participeu en les activitats TAC de la castanyada a <a href=\"https:\/\/edu365.cat\/celebracions\/castanyada\/index.html\">www.edu365.cat\/celebracions\/castanyada<\/a><\/p>\n<p>Bona Castanyada!<\/p>\n","protected":false},"excerpt":{"rendered":"<p>Arriba la festa de la Castanyada a l&#8217;escola!<br \/>\nVolem decorar l&#8217;escola amb detalls de tardor! Proposem a les fam\u00edlies que ho feu a casa i ho porteu a l&#8217;escola.<\/p>\n<p>El dimarts 31 d&#8217;octubre celebrarem la Castanyada a l&#8217;escola. Durant tot el dia hi haur\u00e0 un munt d&#8217;activitats.&hellip;  <a href=\"https:\/\/agora.xtec.cat\/escolalavilapalamos\/general\/festa-castanyada-2023\/\" title=\"Read Festa castanyada 2023\">Llegeix m\u00e9s\u00bb<\/a><\/p>\n","protected":false},"author":1,"featured_media":0,"comment_status":"open","ping_status":"closed","sticky":false,"template":"","format":"standard","meta":{"_bbp_topic_count":0,"_bbp_reply_count":0,"_bbp_total_topic_count":0,"_bbp_total_reply_count":0,"_bbp_voice_count":0,"_bbp_anonymous_reply_count":0,"_bbp_topic_count_hidden":0,"_bbp_reply_count_hidden":0,"_bbp_forum_subforum_count":0,"footnotes":""},"categories":[128,127,2,1,4],"tags":[],"class_list":["post-14014","post","type-post","status-publish","format-standard","hentry","category-comunitat-de-grans","category-comunitat-de-mitjans","category-infantil","category-general","category-portada"],"post_mailing_queue_ids":[],"_links":{"self":[{"href":"https:\/\/agora.xtec.cat\/escolalavilapalamos\/wp-json\/wp\/v2\/posts\/14014","targetHints":{"allow":["GET"]}}],"collection":[{"href":"https:\/\/agora.xtec.cat\/escolalavilapalamos\/wp-json\/wp\/v2\/posts"}],"about":[{"href":"https:\/\/agora.xtec.cat\/escolalavilapalamos\/wp-json\/wp\/v2\/types\/post"}],"author":[{"embeddable":true,"href":"https:\/\/agora.xtec.cat\/escolalavilapalamos\/wp-json\/wp\/v2\/users\/1"}],"replies":[{"embeddable":true,"href":"https:\/\/agora.xtec.cat\/escolalavilapalamos\/wp-json\/wp\/v2\/comments?post=14014"}],"version-history":[{"count":1,"href":"https:\/\/agora.xtec.cat\/escolalavilapalamos\/wp-json\/wp\/v2\/posts\/14014\/revisions"}],"predecessor-version":[{"id":14015,"href":"https:\/\/agora.xtec.cat\/escolalavilapalamos\/wp-json\/wp\/v2\/posts\/14014\/revisions\/14015"}],"wp:attachment":[{"href":"https:\/\/agora.xtec.cat\/escolalavilapalamos\/wp-json\/wp\/v2\/media?parent=14014"}],"wp:term":[{"taxonomy":"category","embeddable":true,"href":"https:\/\/agora.xtec.cat\/escolalavilapalamos\/wp-json\/wp\/v2\/categories?post=14014"},{"taxonomy":"post_tag","embeddable":true,"href":"https:\/\/agora.xtec.cat\/escolalavilapalamos\/wp-json\/wp\/v2\/tags?post=14014"}],"curies":[{"name":"wp","href":"https:\/\/api.w.org\/{rel}","templated":true}]}}