{"id":1401,"date":"2019-05-02T10:00:29","date_gmt":"2019-05-02T08:00:29","guid":{"rendered":"http:\/\/agora.xtec.cat\/escolalavilapalamos\/?p=1401"},"modified":"2019-05-21T16:13:41","modified_gmt":"2019-05-21T14:13:41","slug":"excursio-al-baix-emporda-sortida-divendres-12-de-maig","status":"publish","type":"post","link":"https:\/\/agora.xtec.cat\/escolalavilapalamos\/general\/excursio-al-baix-emporda-sortida-divendres-12-de-maig\/","title":{"rendered":"Excursi\u00f3 a Pals. Sortida divendres 10 de maig"},"content":{"rendered":"<p><a href=\"https:\/\/agora.xtec.cat\/escolalavilapalamos\/wp-content\/uploads\/usu897\/2019\/05\/WhatsApp-Image-2019-05-20-at-21.58.17.jpeg\"><img loading=\"lazy\" decoding=\"async\" class=\"wp-image-5926 aligncenter\" src=\"https:\/\/agora.xtec.cat\/escolalavilapalamos\/wp-content\/uploads\/usu897\/2019\/05\/WhatsApp-Image-2019-05-20-at-21.58.17-1024x768.jpeg\" alt=\"\" width=\"631\" height=\"473\" srcset=\"https:\/\/agora.xtec.cat\/escolalavilapalamos\/wp-content\/uploads\/usu897\/2019\/05\/WhatsApp-Image-2019-05-20-at-21.58.17-1024x768.jpeg 1024w, https:\/\/agora.xtec.cat\/escolalavilapalamos\/wp-content\/uploads\/usu897\/2019\/05\/WhatsApp-Image-2019-05-20-at-21.58.17-300x225.jpeg 300w, https:\/\/agora.xtec.cat\/escolalavilapalamos\/wp-content\/uploads\/usu897\/2019\/05\/WhatsApp-Image-2019-05-20-at-21.58.17-768x576.jpeg 768w, https:\/\/agora.xtec.cat\/escolalavilapalamos\/wp-content\/uploads\/usu897\/2019\/05\/WhatsApp-Image-2019-05-20-at-21.58.17-200x150.jpeg 200w, https:\/\/agora.xtec.cat\/escolalavilapalamos\/wp-content\/uploads\/usu897\/2019\/05\/WhatsApp-Image-2019-05-20-at-21.58.17.jpeg 1600w\" sizes=\"auto, (max-width: 631px) 100vw, 631px\" \/><\/a><\/p>\n<p>Els nens i nenes de 4t treballem <strong>el Baix Empord\u00e0<\/strong>. Amb la finalitat de completar i vivenciar els aprenentatges <strong>anem a Pals a descubrir llegendes i a veure els arrossars el divendres 10 de maig.<\/strong><\/p>\n<p><strong>Sortida divendres 10 de maig<\/strong>. Qu\u00e8 visitarem ? Pals, el poble i els arrossars. La sortida \u00e9s des de l&#8217;escola a les 8:30 h i l&#8217;arribada a les 16:30h a a l&#8217;oficina de Turisme al passeig de Palam\u00f3s.<\/p>\n<p>Cal portar esmorzar, dinar i aigua. Recomanem portar gorra i crema solar.<\/p>\n<p>S&#8217;ha de retornar l&#8217; <a href=\"https:\/\/drive.google.com\/file\/d\/1MdhJpfu_unTlyQWXg0Bog-r_9Cu9K_gN\/view?usp=sharing\">autoritzaci\u00f3<\/a> <strong>abans de dimarts 7 de maig<\/strong><\/p>\n<p>Consulteu <a href=\"https:\/\/www.google.es\/maps\/place\/Pals,+17256,+Girona\/@41.9773226,3.1659895,3657m\/data=!3m1!1e3!4m5!3m4!1s0x12ba5691e086c919:0x9d7514227703b5f6!8m2!3d41.9851158!4d3.1679257\">aqu\u00ed <\/a>on aniran d&#8217;excursi\u00f3.<\/p>\n<p><iframe loading=\"lazy\" src=\"\/\/www.youtube.com\/embed\/6f4Ly6V__X4\" width=\"560\" height=\"314\" allowfullscreen=\"allowfullscreen\"><\/iframe><\/p>\n","protected":false},"excerpt":{"rendered":"<p><a href=\"https:\/\/agora.xtec.cat\/escolalavilapalamos\/wp-content\/uploads\/usu897\/2019\/05\/WhatsApp-Image-2019-05-20-at-21.58.17.jpeg\"><\/a><br \/>\nEls nens i nenes de 4t treballem el Baix Empord\u00e0. Amb la finalitat de completar i vivenciar els aprenentatges anem a Pals a descubrir llegendes i a veure els arrossars el divendres 10 de maig.<br \/>\nSortida divendres 10 de maig. Qu\u00e8 visitarem ? Pals, el&hellip;  <a href=\"https:\/\/agora.xtec.cat\/escolalavilapalamos\/general\/excursio-al-baix-emporda-sortida-divendres-12-de-maig\/\" title=\"Read Excursi\u00f3 a Pals. Sortida divendres 10 de maig\">Llegeix m\u00e9s\u00bb<\/a><\/p>\n","protected":false},"author":1,"featured_media":1403,"comment_status":"open","ping_status":"closed","sticky":false,"template":"","format":"standard","meta":{"_bbp_topic_count":0,"_bbp_reply_count":0,"_bbp_total_topic_count":0,"_bbp_total_reply_count":0,"_bbp_voice_count":0,"_bbp_anonymous_reply_count":0,"_bbp_topic_count_hidden":0,"_bbp_reply_count_hidden":0,"_bbp_forum_subforum_count":0,"footnotes":""},"categories":[1,4,5],"tags":[],"class_list":["post-1401","post","type-post","status-publish","format-standard","has-post-thumbnail","hentry","category-general","category-portada","category-primaria"],"post_mailing_queue_ids":[],"_links":{"self":[{"href":"https:\/\/agora.xtec.cat\/escolalavilapalamos\/wp-json\/wp\/v2\/posts\/1401","targetHints":{"allow":["GET"]}}],"collection":[{"href":"https:\/\/agora.xtec.cat\/escolalavilapalamos\/wp-json\/wp\/v2\/posts"}],"about":[{"href":"https:\/\/agora.xtec.cat\/escolalavilapalamos\/wp-json\/wp\/v2\/types\/post"}],"author":[{"embeddable":true,"href":"https:\/\/agora.xtec.cat\/escolalavilapalamos\/wp-json\/wp\/v2\/users\/1"}],"replies":[{"embeddable":true,"href":"https:\/\/agora.xtec.cat\/escolalavilapalamos\/wp-json\/wp\/v2\/comments?post=1401"}],"version-history":[{"count":4,"href":"https:\/\/agora.xtec.cat\/escolalavilapalamos\/wp-json\/wp\/v2\/posts\/1401\/revisions"}],"predecessor-version":[{"id":5927,"href":"https:\/\/agora.xtec.cat\/escolalavilapalamos\/wp-json\/wp\/v2\/posts\/1401\/revisions\/5927"}],"wp:featuredmedia":[{"embeddable":true,"href":"https:\/\/agora.xtec.cat\/escolalavilapalamos\/wp-json\/wp\/v2\/media\/1403"}],"wp:attachment":[{"href":"https:\/\/agora.xtec.cat\/escolalavilapalamos\/wp-json\/wp\/v2\/media?parent=1401"}],"wp:term":[{"taxonomy":"category","embeddable":true,"href":"https:\/\/agora.xtec.cat\/escolalavilapalamos\/wp-json\/wp\/v2\/categories?post=1401"},{"taxonomy":"post_tag","embeddable":true,"href":"https:\/\/agora.xtec.cat\/escolalavilapalamos\/wp-json\/wp\/v2\/tags?post=1401"}],"curies":[{"name":"wp","href":"https:\/\/api.w.org\/{rel}","templated":true}]}}