{"id":14006,"date":"2023-11-13T08:34:00","date_gmt":"2023-11-13T07:34:00","guid":{"rendered":"https:\/\/agora.xtec.cat\/escolalavilapalamos\/?p=14006"},"modified":"2023-11-18T22:29:13","modified_gmt":"2023-11-18T21:29:13","slug":"propera-exposicio-dels-90-anys-de-lescola-la-vila","status":"publish","type":"post","link":"https:\/\/agora.xtec.cat\/escolalavilapalamos\/general\/propera-exposicio-dels-90-anys-de-lescola-la-vila\/","title":{"rendered":"Exposici\u00f3 dels 90 anys de l&#8217;Escola la Vila"},"content":{"rendered":"<p>El proper <strong>16 de novembre<\/strong> durem a terme l&#8217;exposici\u00f3 dels 90 anys de l&#8217;Escola la Vila de <strong>15 a 17:30<\/strong>. Obrirem a les portes a tothom qui vulgui venir a visitar-la. Cal dir, que tamb\u00e9 allargarem l&#8217;exposici\u00f3 <strong>divendres 17 i dilluns 20<\/strong> perqu\u00e8 els <strong>alumnes i mestres<\/strong> de l&#8217;escola tinguin l&#8217;oportunitat d&#8217;assistir a la visita i veure tot el que hem preparat. S&#8217;assistir\u00e0 de manera organitzada i per grups per poder-vos atendre millor.<\/p>\n<p><span style=\"font-weight: 400;\">Com ja sabeu, els alumnes de 5\u00e8, estem dins el programa d&#8217;innovaci\u00f3 pedag\u00f2gica &#8220;apadrinem el nostre patrimoni&#8221;, que consisteix en l&#8217;apadrinament d&#8217;un element patrimonial. Hem trobat convenient, apadrinar l&#8217;escola aprofitant els 90 anys de la seva construcci\u00f3.\u00a0<\/span><\/p>\n<p>Realment ha estat un projecte que ens ha servit de molt per treballar la hist\u00f2ria des d&#8217;un punt de vista global, despr\u00e9s centrar-nos en la Guerra Civil Espanyola i per \u00faltim en com va viure l&#8217;escola aquesta etapa.<\/p>\n<p>Ens agradar\u00e0 poder ser els protagonistes d&#8217;aquesta exposici\u00f3 i tenim moltes ganes de compartir amb totes vosaltres tot el que hem preparat durant aquests cursos .<\/p>\n<p><span style=\"font-weight: 400;\">A la nostra exposici\u00f3 podreu trobar diferents tallers, com per exemple jocs tradicionals, mapes interactius amb els punts m\u00e9s destacats del poble, codis QR repartits per l&#8217;escola amb informaci\u00f3 diversa i guies que acompanyaran a les persones que assistiu. No us avancem m\u00e9s propostes, nom\u00e9s ens queda engrescar-vos i animar-vos a venir.\u00a0<\/span><\/p>\n<p>Podeu clicar la imatge de sota per veure un petit recull d&#8217;algunes fotografies del projecte.<\/p>\n<p>Us hi esperem!<\/p>\n<p>Alumnes de 5\u00e8<\/p>\n<p><a href=\"https:\/\/photos.app.goo.gl\/ywmWVBZ33iMbhD3v9\"><img loading=\"lazy\" decoding=\"async\" class=\" wp-image-14007 alignleft\" src=\"https:\/\/agora.xtec.cat\/escolalavilapalamos\/wp-content\/uploads\/usu897\/2023\/11\/Escola-La-Vila-90.png\" alt=\"\" width=\"360\" height=\"360\" srcset=\"https:\/\/agora.xtec.cat\/escolalavilapalamos\/wp-content\/uploads\/usu897\/2023\/11\/Escola-La-Vila-90.png 500w, https:\/\/agora.xtec.cat\/escolalavilapalamos\/wp-content\/uploads\/usu897\/2023\/11\/Escola-La-Vila-90-300x300.png 300w, https:\/\/agora.xtec.cat\/escolalavilapalamos\/wp-content\/uploads\/usu897\/2023\/11\/Escola-La-Vila-90-150x150.png 150w\" sizes=\"auto, (max-width: 360px) 100vw, 360px\" \/><\/a><\/p>\n<p>&nbsp;<\/p>\n","protected":false},"excerpt":{"rendered":"<p>El proper 16 de novembre durem a terme l&#8217;exposici\u00f3 dels 90 anys de l&#8217;Escola la Vila de 15 a 17:30. Obrirem a les portes a tothom qui vulgui venir a visitar-la. Cal dir, que tamb\u00e9 allargarem l&#8217;exposici\u00f3 divendres 17 i dilluns 20 perqu\u00e8 els alumnes&hellip;  <a href=\"https:\/\/agora.xtec.cat\/escolalavilapalamos\/general\/propera-exposicio-dels-90-anys-de-lescola-la-vila\/\" title=\"Read Exposici\u00f3 dels 90 anys de l&#8217;Escola la Vila\">Llegeix m\u00e9s\u00bb<\/a><\/p>\n","protected":false},"author":132,"featured_media":0,"comment_status":"open","ping_status":"closed","sticky":false,"template":"","format":"standard","meta":{"_bbp_topic_count":0,"_bbp_reply_count":0,"_bbp_total_topic_count":0,"_bbp_total_reply_count":0,"_bbp_voice_count":0,"_bbp_anonymous_reply_count":0,"_bbp_topic_count_hidden":0,"_bbp_reply_count_hidden":0,"_bbp_forum_subforum_count":0,"footnotes":""},"categories":[128,1,138,4,5],"tags":[],"class_list":["post-14006","post","type-post","status-publish","format-standard","hentry","category-comunitat-de-grans","category-general","category-notices-a-la-web","category-portada","category-primaria"],"post_mailing_queue_ids":[],"_links":{"self":[{"href":"https:\/\/agora.xtec.cat\/escolalavilapalamos\/wp-json\/wp\/v2\/posts\/14006","targetHints":{"allow":["GET"]}}],"collection":[{"href":"https:\/\/agora.xtec.cat\/escolalavilapalamos\/wp-json\/wp\/v2\/posts"}],"about":[{"href":"https:\/\/agora.xtec.cat\/escolalavilapalamos\/wp-json\/wp\/v2\/types\/post"}],"author":[{"embeddable":true,"href":"https:\/\/agora.xtec.cat\/escolalavilapalamos\/wp-json\/wp\/v2\/users\/132"}],"replies":[{"embeddable":true,"href":"https:\/\/agora.xtec.cat\/escolalavilapalamos\/wp-json\/wp\/v2\/comments?post=14006"}],"version-history":[{"count":7,"href":"https:\/\/agora.xtec.cat\/escolalavilapalamos\/wp-json\/wp\/v2\/posts\/14006\/revisions"}],"predecessor-version":[{"id":14068,"href":"https:\/\/agora.xtec.cat\/escolalavilapalamos\/wp-json\/wp\/v2\/posts\/14006\/revisions\/14068"}],"wp:attachment":[{"href":"https:\/\/agora.xtec.cat\/escolalavilapalamos\/wp-json\/wp\/v2\/media?parent=14006"}],"wp:term":[{"taxonomy":"category","embeddable":true,"href":"https:\/\/agora.xtec.cat\/escolalavilapalamos\/wp-json\/wp\/v2\/categories?post=14006"},{"taxonomy":"post_tag","embeddable":true,"href":"https:\/\/agora.xtec.cat\/escolalavilapalamos\/wp-json\/wp\/v2\/tags?post=14006"}],"curies":[{"name":"wp","href":"https:\/\/api.w.org\/{rel}","templated":true}]}}