{"id":14001,"date":"2023-11-09T13:24:57","date_gmt":"2023-11-09T12:24:57","guid":{"rendered":"https:\/\/agora.xtec.cat\/escolalavilapalamos\/?p=14001"},"modified":"2023-11-09T13:24:57","modified_gmt":"2023-11-09T12:24:57","slug":"teatre-a-comunitat-de-petits","status":"publish","type":"post","link":"https:\/\/agora.xtec.cat\/escolalavilapalamos\/general\/teatre-a-comunitat-de-petits\/","title":{"rendered":"TEATRE A COMUNITAT DE PETITS"},"content":{"rendered":"<p><span style=\"font-weight: 400;\">Una de les activitats programades cada curs \u00e9s el teatre. Els infants de tot Palam\u00f3s participen de la Campanya de teatre per a les escoles. Gaudeixen de tres espectacles; un de text, un de musical i un de dansa.<\/span><\/p>\n<p><span style=\"font-weight: 400;\">A I3 fem una sessi\u00f3 especial en la que se\u2019ns presenta el teatre, La Gorga, i se\u2019ns explica com \u00e9s per dins i aix\u00ed ens hi puguem familiaritzar: l\u2019escenari, la platea, l\u2019amfiteatre, les butaques, el tel\u00f3, etc., amb l\u2019ajuda de les Gorguetes i el Mag Mag\u00ed.<\/span><\/p>\n<p><span style=\"font-weight: 400;\">A I4 i I5 hem anat a veure \u201c El monstre de colors \u201c, conte en el que es treballen les emocions a trav\u00e9s dels colors.<\/span><\/p>\n<p><span style=\"font-weight: 400;\">El pro\u00f2sit d&#8217;aquesta sortida es pret\u00e9n que els infants puguin gaudir d\u2019una bona experi\u00e8ncia com a p\u00fablic teatral, i per tant, posteriorment a la coneixen\u00e7a de l\u2019espai, es treballen unes pautes de conviv\u00e8ncia en un espai diferent de la nostra escola i en com\u00fa amb altres infants que no coneixen. Aprendran quan s\u2019han d\u2019asseure, quan fer silenci, quan aplaudir\u2026<\/span><\/p>\n<p><span style=\"font-weight: 400;\">I quan s\u2019apaguen els llums, comen\u00e7a la m\u00e0gia del teatre!<\/span><\/p>\n<p>&nbsp;<\/p>\n<p><img decoding=\"async\" src=\"https:\/\/agora.xtec.cat\/escolalavilapalamos\/wp-content\/uploads\/usu897\/2023\/11\/WhatsApp-Image-2023-11-09-at-12.11.44.jpeg\" \/><\/p>\n<p><a href=\"https:\/\/photos.google.com\/album\/AF1QipP5fml765AVpxtQ1y8NgFl2HuKjE44v5krc0Ncr\">https:\/\/photos.google.com\/album\/AF1QipP5fml765AVpxtQ1y8NgFl2HuKjE44v5krc0Ncr<\/a><\/p>\n<p>&nbsp;<\/p>\n","protected":false},"excerpt":{"rendered":"<p>Una de les activitats programades cada curs \u00e9s el teatre. Els infants de tot Palam\u00f3s participen de la Campanya de teatre per a les escoles. Gaudeixen de tres espectacles; un de text, un de musical i un de dansa.<br \/>\nA I3 fem una sessi\u00f3 especial en&hellip;  <a href=\"https:\/\/agora.xtec.cat\/escolalavilapalamos\/general\/teatre-a-comunitat-de-petits\/\" title=\"Read TEATRE A COMUNITAT DE PETITS\">Llegeix m\u00e9s\u00bb<\/a><\/p>\n","protected":false},"author":128,"featured_media":14003,"comment_status":"open","ping_status":"closed","sticky":false,"template":"","format":"standard","meta":{"_bbp_topic_count":0,"_bbp_reply_count":0,"_bbp_total_topic_count":0,"_bbp_total_reply_count":0,"_bbp_voice_count":0,"_bbp_anonymous_reply_count":0,"_bbp_topic_count_hidden":0,"_bbp_reply_count_hidden":0,"_bbp_forum_subforum_count":0,"footnotes":""},"categories":[2,1,4],"tags":[],"class_list":["post-14001","post","type-post","status-publish","format-standard","has-post-thumbnail","hentry","category-infantil","category-general","category-portada"],"post_mailing_queue_ids":[],"_links":{"self":[{"href":"https:\/\/agora.xtec.cat\/escolalavilapalamos\/wp-json\/wp\/v2\/posts\/14001","targetHints":{"allow":["GET"]}}],"collection":[{"href":"https:\/\/agora.xtec.cat\/escolalavilapalamos\/wp-json\/wp\/v2\/posts"}],"about":[{"href":"https:\/\/agora.xtec.cat\/escolalavilapalamos\/wp-json\/wp\/v2\/types\/post"}],"author":[{"embeddable":true,"href":"https:\/\/agora.xtec.cat\/escolalavilapalamos\/wp-json\/wp\/v2\/users\/128"}],"replies":[{"embeddable":true,"href":"https:\/\/agora.xtec.cat\/escolalavilapalamos\/wp-json\/wp\/v2\/comments?post=14001"}],"version-history":[{"count":3,"href":"https:\/\/agora.xtec.cat\/escolalavilapalamos\/wp-json\/wp\/v2\/posts\/14001\/revisions"}],"predecessor-version":[{"id":14005,"href":"https:\/\/agora.xtec.cat\/escolalavilapalamos\/wp-json\/wp\/v2\/posts\/14001\/revisions\/14005"}],"wp:featuredmedia":[{"embeddable":true,"href":"https:\/\/agora.xtec.cat\/escolalavilapalamos\/wp-json\/wp\/v2\/media\/14003"}],"wp:attachment":[{"href":"https:\/\/agora.xtec.cat\/escolalavilapalamos\/wp-json\/wp\/v2\/media?parent=14001"}],"wp:term":[{"taxonomy":"category","embeddable":true,"href":"https:\/\/agora.xtec.cat\/escolalavilapalamos\/wp-json\/wp\/v2\/categories?post=14001"},{"taxonomy":"post_tag","embeddable":true,"href":"https:\/\/agora.xtec.cat\/escolalavilapalamos\/wp-json\/wp\/v2\/tags?post=14001"}],"curies":[{"name":"wp","href":"https:\/\/api.w.org\/{rel}","templated":true}]}}