{"id":13989,"date":"2023-10-30T17:26:39","date_gmt":"2023-10-30T16:26:39","guid":{"rendered":"https:\/\/agora.xtec.cat\/escolalavilapalamos\/?p=13989"},"modified":"2023-10-30T17:26:39","modified_gmt":"2023-10-30T16:26:39","slug":"eleccions-al-consell-escolar-3","status":"publish","type":"post","link":"https:\/\/agora.xtec.cat\/escolalavilapalamos\/general\/eleccions-al-consell-escolar-3\/","title":{"rendered":"Eleccions al consell escolar"},"content":{"rendered":"<p><strong><a href=\"https:\/\/agora.xtec.cat\/escolalavilapalamos\/wp-content\/uploads\/usu897\/2023\/10\/portada.png\"><img loading=\"lazy\" decoding=\"async\" class=\"alignleft size-full wp-image-13990\" src=\"https:\/\/agora.xtec.cat\/escolalavilapalamos\/wp-content\/uploads\/usu897\/2023\/10\/portada.png\" alt=\"\" width=\"589\" height=\"658\" srcset=\"https:\/\/agora.xtec.cat\/escolalavilapalamos\/wp-content\/uploads\/usu897\/2023\/10\/portada.png 589w, https:\/\/agora.xtec.cat\/escolalavilapalamos\/wp-content\/uploads\/usu897\/2023\/10\/portada-269x300.png 269w\" sizes=\"auto, (max-width: 589px) 100vw, 589px\" \/><\/a><\/strong><\/p>\n<p><strong>El consell escolar del centre<\/strong>\u00a0\u00e9s l\u2019<strong>\u00f2rgan de participaci\u00f3<\/strong>\u00a0de la comunitat escolar en el govern del centre. En el consell escolar hi ha representats tots els col\u00b7lectius que intervenen en la comunitat educativa: direcci\u00f3, mestres, alumnat, mares i pares, personal d\u2019administraci\u00f3 i serveis, etc.<\/p>\n<p>En aquesta ocasi\u00f3 s\u2019ha de renovar 2 representants de les fam\u00edlies, 2 de representants dels mestres i un representant del personal d&#8217;administraci\u00f3.<\/p>\n<p>En els centres p\u00fablics, la funci\u00f3 principal del consell escolar \u00e9s\u00a0<strong>participar en la presa de decisions en relaci\u00f3 amb aquells temes importants per al funcionament i l\u2019organitzaci\u00f3 del centre<\/strong>: el projecte educatiu, la programaci\u00f3 general, la gesti\u00f3 econ\u00f2mica, etc. Els membres del consell escolar s\u00f3n elegits per un per\u00edode de quatre anys i es renoven per meitats cada dos anys.<\/p>\n<p>El curs escolar 2023-2024, <strong>el proc\u00e9s electoral s\u2019inicia el 30 d&#8217;octubre de 2023. <\/strong>Publicaci\u00f3 dels censos electorals fins el 15 de novembre. Constituci\u00f3 de les meses electorals abans del 10 de novembre de 2023. Constituci\u00f3 del consell escolar i presa de possessi\u00f3 dels membres el 14 de desembre de 2023.<\/p>\n<p><strong>Les eleccions del sector pares i mares s\u00f3n el dimecres 22 de novembre de 8:30 a 16:15h.\u00a0<\/strong><\/p>\n<p>&nbsp;<\/p>\n<p>Tota la informaci\u00f3 est\u00e0 penjada al tauler d\u2019anuncis de l\u2019escola.<\/p>\n","protected":false},"excerpt":{"rendered":"<p><a href=\"https:\/\/agora.xtec.cat\/escolalavilapalamos\/wp-content\/uploads\/usu897\/2023\/10\/portada.png\"><\/a><br \/>\nEl consell escolar del centre\u00a0\u00e9s l\u2019\u00f2rgan de participaci\u00f3\u00a0de la comunitat escolar en el govern del centre. En el consell escolar hi ha representats tots els col\u00b7lectius que intervenen en la comunitat educativa: direcci\u00f3, mestres, alumnat, mares i pares, personal d\u2019administraci\u00f3 i serveis, etc.<br \/>\nEn aquesta&hellip;  <a href=\"https:\/\/agora.xtec.cat\/escolalavilapalamos\/general\/eleccions-al-consell-escolar-3\/\" title=\"Read Eleccions al consell escolar\">Llegeix m\u00e9s\u00bb<\/a><\/p>\n","protected":false},"author":1,"featured_media":0,"comment_status":"open","ping_status":"closed","sticky":false,"template":"","format":"standard","meta":{"_bbp_topic_count":0,"_bbp_reply_count":0,"_bbp_total_topic_count":0,"_bbp_total_reply_count":0,"_bbp_voice_count":0,"_bbp_anonymous_reply_count":0,"_bbp_topic_count_hidden":0,"_bbp_reply_count_hidden":0,"_bbp_forum_subforum_count":0,"footnotes":""},"categories":[7,1,4,5],"tags":[],"class_list":["post-13989","post","type-post","status-publish","format-standard","hentry","category-ampa","category-general","category-portada","category-primaria"],"post_mailing_queue_ids":[],"_links":{"self":[{"href":"https:\/\/agora.xtec.cat\/escolalavilapalamos\/wp-json\/wp\/v2\/posts\/13989","targetHints":{"allow":["GET"]}}],"collection":[{"href":"https:\/\/agora.xtec.cat\/escolalavilapalamos\/wp-json\/wp\/v2\/posts"}],"about":[{"href":"https:\/\/agora.xtec.cat\/escolalavilapalamos\/wp-json\/wp\/v2\/types\/post"}],"author":[{"embeddable":true,"href":"https:\/\/agora.xtec.cat\/escolalavilapalamos\/wp-json\/wp\/v2\/users\/1"}],"replies":[{"embeddable":true,"href":"https:\/\/agora.xtec.cat\/escolalavilapalamos\/wp-json\/wp\/v2\/comments?post=13989"}],"version-history":[{"count":4,"href":"https:\/\/agora.xtec.cat\/escolalavilapalamos\/wp-json\/wp\/v2\/posts\/13989\/revisions"}],"predecessor-version":[{"id":13994,"href":"https:\/\/agora.xtec.cat\/escolalavilapalamos\/wp-json\/wp\/v2\/posts\/13989\/revisions\/13994"}],"wp:attachment":[{"href":"https:\/\/agora.xtec.cat\/escolalavilapalamos\/wp-json\/wp\/v2\/media?parent=13989"}],"wp:term":[{"taxonomy":"category","embeddable":true,"href":"https:\/\/agora.xtec.cat\/escolalavilapalamos\/wp-json\/wp\/v2\/categories?post=13989"},{"taxonomy":"post_tag","embeddable":true,"href":"https:\/\/agora.xtec.cat\/escolalavilapalamos\/wp-json\/wp\/v2\/tags?post=13989"}],"curies":[{"name":"wp","href":"https:\/\/api.w.org\/{rel}","templated":true}]}}