{"id":13976,"date":"2023-10-30T10:00:03","date_gmt":"2023-10-30T09:00:03","guid":{"rendered":"https:\/\/agora.xtec.cat\/escolalavilapalamos\/?p=13976"},"modified":"2023-11-02T20:14:42","modified_gmt":"2023-11-02T19:14:42","slug":"exposicio-90-anys-de-lescola-la-vila","status":"publish","type":"post","link":"https:\/\/agora.xtec.cat\/escolalavilapalamos\/general\/exposicio-90-anys-de-lescola-la-vila\/","title":{"rendered":"Exposici\u00f3 90 anys de l&#8217;Escola La Vila"},"content":{"rendered":"<p><span style=\"font-weight: 400;\"><a href=\"https:\/\/agora.xtec.cat\/escolalavilapalamos\/wp-content\/uploads\/usu897\/2023\/10\/Cartell-expo-scaled.jpg\"><img loading=\"lazy\" decoding=\"async\" class=\"alignleft wp-image-13977 size-medium\" src=\"https:\/\/agora.xtec.cat\/escolalavilapalamos\/wp-content\/uploads\/usu897\/2023\/10\/Cartell-expo-225x300.jpg\" alt=\"\" width=\"225\" height=\"300\" srcset=\"https:\/\/agora.xtec.cat\/escolalavilapalamos\/wp-content\/uploads\/usu897\/2023\/10\/Cartell-expo-225x300.jpg 225w, https:\/\/agora.xtec.cat\/escolalavilapalamos\/wp-content\/uploads\/usu897\/2023\/10\/Cartell-expo-768x1024.jpg 768w, https:\/\/agora.xtec.cat\/escolalavilapalamos\/wp-content\/uploads\/usu897\/2023\/10\/Cartell-expo-1152x1536.jpg 1152w, https:\/\/agora.xtec.cat\/escolalavilapalamos\/wp-content\/uploads\/usu897\/2023\/10\/Cartell-expo-1536x2048.jpg 1536w, https:\/\/agora.xtec.cat\/escolalavilapalamos\/wp-content\/uploads\/usu897\/2023\/10\/Cartell-expo-scaled.jpg 1920w\" sizes=\"auto, (max-width: 225px) 100vw, 225px\" \/><\/a>Us convidem als 90 anys de l&#8217;escola la Vila que se celebrar\u00e0 el proper <strong>dijous 16 de novembre de 15 a 17:30 a l&#8217;escola.\u00a0<\/strong><\/span><\/p>\n<p><span style=\"font-weight: 400;\">Com ja sabeu la nostra escola t\u00e9 molta hist\u00f2ria i sempre ha sigut molt important a tot el poble.\u00a0<\/span><\/p>\n<p><span style=\"font-weight: 400;\">Els alumnes de 5\u00e8, estem dins el programa d&#8217;innovaci\u00f3 pedag\u00f2gica &#8220;apadrinem el nostre patrimoni&#8221;, que consisteix en l&#8217;apadrinament d&#8217;un element patrimonial amb el triple objectiu d&#8217;aprofundir en el seu coneixement, donar-li valor i fer-lo socialment rellevant. El nostre centre apadrina el refugi antiaeri i l&#8217;escola la Vila, i per tancar aquest projecte, hem preparat l&#8217;exposici\u00f3 dels 90 anys de l&#8217;escola.\u00a0<\/span><\/p>\n<p><span style=\"font-weight: 400;\">A la nostra exposici\u00f3 podreu trobar diferents tallers, com per exemple jocs tradicionals, mapes interactius amb els punts m\u00e9s destacats del poble, codis QR repartits per l&#8217;escola amb informaci\u00f3 diversa i guies que acompanyaran a les persones que assistiu. Tamb\u00e9 trobareu altres espais rellevants com explicacions sobre la guerra civil a Palam\u00f3s o sobre el refugi antiaeri de l&#8217;escola. Hem buscat elements antics per exposar-los al gimn\u00e0s com una m\u00e0quina d&#8217;escriure o una m\u00e0quina de cosir i hem elaborat un photocall.\u00a0<\/span><\/p>\n<p><span style=\"font-weight: 400;\">Amb totes aquestes propostes i moltes m\u00e9s, ens agradar\u00e0 molt que vingueu a descobrir-les.\u00a0<\/span><\/p>\n<p><span style=\"font-weight: 400;\">Els alumnes de 5\u00e8<\/span><\/p>\n","protected":false},"excerpt":{"rendered":"<p><a href=\"https:\/\/agora.xtec.cat\/escolalavilapalamos\/wp-content\/uploads\/usu897\/2023\/10\/Cartell-expo-scaled.jpg\"><\/a>Us convidem als 90 anys de l&#8217;escola la Vila que se celebrar\u00e0 el proper dijous 16 de novembre de 15 a 17:30 a l&#8217;escola.\u00a0<br \/>\nCom ja sabeu la nostra escola t\u00e9 molta hist\u00f2ria i sempre ha sigut molt important a tot el poble.\u00a0<br \/>\nEls alumnes de&hellip;  <a href=\"https:\/\/agora.xtec.cat\/escolalavilapalamos\/general\/exposicio-90-anys-de-lescola-la-vila\/\" title=\"Read Exposici\u00f3 90 anys de l&#8217;Escola La Vila\">Llegeix m\u00e9s\u00bb<\/a><\/p>\n","protected":false},"author":1,"featured_media":0,"comment_status":"open","ping_status":"closed","sticky":false,"template":"","format":"standard","meta":{"_bbp_topic_count":0,"_bbp_reply_count":0,"_bbp_total_topic_count":0,"_bbp_total_reply_count":0,"_bbp_voice_count":0,"_bbp_anonymous_reply_count":0,"_bbp_topic_count_hidden":0,"_bbp_reply_count_hidden":0,"_bbp_forum_subforum_count":0,"footnotes":""},"categories":[128,127,2,1,4],"tags":[],"class_list":["post-13976","post","type-post","status-publish","format-standard","hentry","category-comunitat-de-grans","category-comunitat-de-mitjans","category-infantil","category-general","category-portada"],"post_mailing_queue_ids":[],"_links":{"self":[{"href":"https:\/\/agora.xtec.cat\/escolalavilapalamos\/wp-json\/wp\/v2\/posts\/13976","targetHints":{"allow":["GET"]}}],"collection":[{"href":"https:\/\/agora.xtec.cat\/escolalavilapalamos\/wp-json\/wp\/v2\/posts"}],"about":[{"href":"https:\/\/agora.xtec.cat\/escolalavilapalamos\/wp-json\/wp\/v2\/types\/post"}],"author":[{"embeddable":true,"href":"https:\/\/agora.xtec.cat\/escolalavilapalamos\/wp-json\/wp\/v2\/users\/1"}],"replies":[{"embeddable":true,"href":"https:\/\/agora.xtec.cat\/escolalavilapalamos\/wp-json\/wp\/v2\/comments?post=13976"}],"version-history":[{"count":1,"href":"https:\/\/agora.xtec.cat\/escolalavilapalamos\/wp-json\/wp\/v2\/posts\/13976\/revisions"}],"predecessor-version":[{"id":13978,"href":"https:\/\/agora.xtec.cat\/escolalavilapalamos\/wp-json\/wp\/v2\/posts\/13976\/revisions\/13978"}],"wp:attachment":[{"href":"https:\/\/agora.xtec.cat\/escolalavilapalamos\/wp-json\/wp\/v2\/media?parent=13976"}],"wp:term":[{"taxonomy":"category","embeddable":true,"href":"https:\/\/agora.xtec.cat\/escolalavilapalamos\/wp-json\/wp\/v2\/categories?post=13976"},{"taxonomy":"post_tag","embeddable":true,"href":"https:\/\/agora.xtec.cat\/escolalavilapalamos\/wp-json\/wp\/v2\/tags?post=13976"}],"curies":[{"name":"wp","href":"https:\/\/api.w.org\/{rel}","templated":true}]}}