{"id":13973,"date":"2023-10-30T17:00:37","date_gmt":"2023-10-30T16:00:37","guid":{"rendered":"https:\/\/agora.xtec.cat\/escolalavilapalamos\/?p=13973"},"modified":"2023-10-28T20:29:52","modified_gmt":"2023-10-28T18:29:52","slug":"circulars-colonies","status":"publish","type":"post","link":"https:\/\/agora.xtec.cat\/escolalavilapalamos\/general\/circulars-colonies\/","title":{"rendered":"Circulars col\u00f2nies"},"content":{"rendered":"<p><a href=\"https:\/\/agora.xtec.cat\/escolalavilapalamos\/wp-content\/uploads\/usu897\/2023\/10\/colonies2ok.jpg\"><img loading=\"lazy\" decoding=\"async\" class=\"alignleft size-full wp-image-13974\" src=\"https:\/\/agora.xtec.cat\/escolalavilapalamos\/wp-content\/uploads\/usu897\/2023\/10\/colonies2ok.jpg\" alt=\"\" width=\"350\" height=\"257\" srcset=\"https:\/\/agora.xtec.cat\/escolalavilapalamos\/wp-content\/uploads\/usu897\/2023\/10\/colonies2ok.jpg 350w, https:\/\/agora.xtec.cat\/escolalavilapalamos\/wp-content\/uploads\/usu897\/2023\/10\/colonies2ok-300x220.jpg 300w\" sizes=\"auto, (max-width: 350px) 100vw, 350px\" \/><\/a>El curs 2023-24 anirem de <strong>col\u00f2nies.\u00a0<\/strong>Els m\u00e9s petits van de col\u00f2nies a <strong>L&#8217;Ocell de Cor\u00e7\u00e0<\/strong>, mitjans al <strong>Pou del Gla\u00e7<\/strong> prop de La Bisbal i 4t i 5\u00e8 van de col\u00f2nies al <strong>La Talaia,<\/strong> a Cass\u00e0 de la Selva<strong>.<\/strong>\u00a0El preu aproximat \u00e9s de 90\u20ac. Aix\u00f2 inclou autocar , estada i tallers, i tamb\u00e9 la comissi\u00f3 de La Caixa. Per tal de poder confirmar la reserva a la casa de col\u00f2nies,<strong>\u00a0cal fer el pagament de 50\u20ac mitjan\u00e7ant el codi de barres.<\/strong><\/p>\n<p><strong>Cal indicar els noms i cognoms i curs de l\u2019alumne<\/strong>\u00a0a l\u2019hora de fer el pagament.<\/p>\n<p>Per\u00edode de pagament:\u00a0<strong>del dilluns 30 d\u2019octubre a divendres 10 de novembre incl\u00f2s<\/strong>.<\/p>\n<p><strong>Cal retornar l\u2019autoritzaci\u00f3 i el comprovant d\u2019ingr\u00e9s al tutor\/a com a molt tard el dilluns 13 de novembre.<\/strong><\/p>\n<p>Us podeu descarregar les autoritzacions i els codis de barres aqu\u00ed:<\/p>\n<p><a href=\"https:\/\/drive.google.com\/file\/d\/1SUgN3nTcRKuI1iwub0a77q5oH7B5Auej\/view?usp=drive_link\">Comunitat de petits\u00a0<\/a><\/p>\n<p><a href=\"https:\/\/drive.google.com\/file\/d\/1IdOftKoRxeOJ5bdxPMcnb6C1eNCZaROf\/view?usp=drive_link\">Comunitat de mitjans <\/a><\/p>\n<p><a href=\"https:\/\/drive.google.com\/file\/d\/1E4C703X7L_RQ0DeznLkqv3SHalMMjCE4\/view?usp=drive_link\">(4t, 5\u00e8)<\/a><\/p>\n<div class=\"addtoany_share_save_container addtoany_content addtoany_content_bottom\">\n<div class=\"a2a_kit a2a_kit_size_25 addtoany_list\" data-a2a-url=\"https:\/\/agora.xtec.cat\/escolalavilapalamos\/general\/colonies-a-can-maiol-de-sant-andreu-salou\/\" data-a2a-title=\"Anem de col\u00f2nies\"><\/div>\n<\/div>\n","protected":false},"excerpt":{"rendered":"<p><a href=\"https:\/\/agora.xtec.cat\/escolalavilapalamos\/wp-content\/uploads\/usu897\/2023\/10\/colonies2ok.jpg\"><\/a>El curs 2023-24 anirem de col\u00f2nies.\u00a0Els m\u00e9s petits van de col\u00f2nies a L&#8217;Ocell de Cor\u00e7\u00e0, mitjans al Pou del Gla\u00e7 prop de La Bisbal i 4t i 5\u00e8 van de col\u00f2nies al La Talaia, a Cass\u00e0 de la Selva.\u00a0El preu aproximat \u00e9s de 90\u20ac.&hellip;  <a href=\"https:\/\/agora.xtec.cat\/escolalavilapalamos\/general\/circulars-colonies\/\" title=\"Read Circulars col\u00f2nies\">Llegeix m\u00e9s\u00bb<\/a><\/p>\n","protected":false},"author":1,"featured_media":0,"comment_status":"open","ping_status":"closed","sticky":false,"template":"","format":"standard","meta":{"_bbp_topic_count":0,"_bbp_reply_count":0,"_bbp_total_topic_count":0,"_bbp_total_reply_count":0,"_bbp_voice_count":0,"_bbp_anonymous_reply_count":0,"_bbp_topic_count_hidden":0,"_bbp_reply_count_hidden":0,"_bbp_forum_subforum_count":0,"footnotes":""},"categories":[128,127,2,1,4],"tags":[],"class_list":["post-13973","post","type-post","status-publish","format-standard","hentry","category-comunitat-de-grans","category-comunitat-de-mitjans","category-infantil","category-general","category-portada"],"post_mailing_queue_ids":[],"_links":{"self":[{"href":"https:\/\/agora.xtec.cat\/escolalavilapalamos\/wp-json\/wp\/v2\/posts\/13973","targetHints":{"allow":["GET"]}}],"collection":[{"href":"https:\/\/agora.xtec.cat\/escolalavilapalamos\/wp-json\/wp\/v2\/posts"}],"about":[{"href":"https:\/\/agora.xtec.cat\/escolalavilapalamos\/wp-json\/wp\/v2\/types\/post"}],"author":[{"embeddable":true,"href":"https:\/\/agora.xtec.cat\/escolalavilapalamos\/wp-json\/wp\/v2\/users\/1"}],"replies":[{"embeddable":true,"href":"https:\/\/agora.xtec.cat\/escolalavilapalamos\/wp-json\/wp\/v2\/comments?post=13973"}],"version-history":[{"count":1,"href":"https:\/\/agora.xtec.cat\/escolalavilapalamos\/wp-json\/wp\/v2\/posts\/13973\/revisions"}],"predecessor-version":[{"id":13975,"href":"https:\/\/agora.xtec.cat\/escolalavilapalamos\/wp-json\/wp\/v2\/posts\/13973\/revisions\/13975"}],"wp:attachment":[{"href":"https:\/\/agora.xtec.cat\/escolalavilapalamos\/wp-json\/wp\/v2\/media?parent=13973"}],"wp:term":[{"taxonomy":"category","embeddable":true,"href":"https:\/\/agora.xtec.cat\/escolalavilapalamos\/wp-json\/wp\/v2\/categories?post=13973"},{"taxonomy":"post_tag","embeddable":true,"href":"https:\/\/agora.xtec.cat\/escolalavilapalamos\/wp-json\/wp\/v2\/tags?post=13973"}],"curies":[{"name":"wp","href":"https:\/\/api.w.org\/{rel}","templated":true}]}}