{"id":13966,"date":"2023-10-30T09:46:28","date_gmt":"2023-10-30T08:46:28","guid":{"rendered":"https:\/\/agora.xtec.cat\/escolalavilapalamos\/?p=13966"},"modified":"2023-11-06T16:21:18","modified_gmt":"2023-11-06T15:21:18","slug":"halloween","status":"publish","type":"post","link":"https:\/\/agora.xtec.cat\/escolalavilapalamos\/general\/halloween\/","title":{"rendered":"Halloween"},"content":{"rendered":"<p><a href=\"https:\/\/agora.xtec.cat\/escolalavilapalamos\/wp-content\/uploads\/usu897\/2023\/10\/foto-halloween-article-Resizer-scaled.jpg\"><img loading=\"lazy\" decoding=\"async\" class=\"alignleft  wp-image-13985\" src=\"https:\/\/agora.xtec.cat\/escolalavilapalamos\/wp-content\/uploads\/usu897\/2023\/10\/foto-halloween-article-Resizer-768x1024.jpg\" alt=\"\" width=\"113\" height=\"151\" srcset=\"https:\/\/agora.xtec.cat\/escolalavilapalamos\/wp-content\/uploads\/usu897\/2023\/10\/foto-halloween-article-Resizer-768x1024.jpg 768w, https:\/\/agora.xtec.cat\/escolalavilapalamos\/wp-content\/uploads\/usu897\/2023\/10\/foto-halloween-article-Resizer-225x300.jpg 225w, https:\/\/agora.xtec.cat\/escolalavilapalamos\/wp-content\/uploads\/usu897\/2023\/10\/foto-halloween-article-Resizer-1152x1536.jpg 1152w, https:\/\/agora.xtec.cat\/escolalavilapalamos\/wp-content\/uploads\/usu897\/2023\/10\/foto-halloween-article-Resizer-1536x2048.jpg 1536w, https:\/\/agora.xtec.cat\/escolalavilapalamos\/wp-content\/uploads\/usu897\/2023\/10\/foto-halloween-article-Resizer-scaled.jpg 1920w\" sizes=\"auto, (max-width: 113px) 100vw, 113px\" \/><\/a>A Prim\u00e0ria\u00a0 i dins\u00a0 l&#8217;\u00e0rea d&#8217;English hem treballat la festivitat de Halloween. A 5\u00e8 i 6\u00e8 hem anat un xic m\u00e9s enll\u00e0 i ens hem endinsat en els\u00a0 origens . Hem trobat el paral\u00b7lelisme amb la castanyada i amb la diada de tots Sants.\u00a0 Hem descobert d&#8217;on venia la Jack O&#8217;lantern, el &#8220;trick or treat&#8221; les disfresses de personatges &#8220;terror\u00edfics&#8221; i moltes coses m\u00e9s. Hem acabat l&#8217;activitat fent manualitats de monsters, ghosts, bats&#8230;. i pintant pedretes. Ens ha quedat una entrada ben ambientada! Si voleu veure-la cliqueu <a href=\"https:\/\/drive.google.com\/drive\/u\/0\/folders\/1YqtrZOPjRtle7K8ovYaI1RQzaJSqjtsf\">aqu\u00ed<\/a><\/p>\n<p>&nbsp;<\/p>\n<p>&nbsp;<\/p>\n","protected":false},"excerpt":{"rendered":"<p><a href=\"https:\/\/agora.xtec.cat\/escolalavilapalamos\/wp-content\/uploads\/usu897\/2023\/10\/foto-halloween-article-Resizer-scaled.jpg\"><\/a>A Prim\u00e0ria\u00a0 i dins\u00a0 l&#8217;\u00e0rea d&#8217;English hem treballat la festivitat de Halloween. A 5\u00e8 i 6\u00e8 hem anat un xic m\u00e9s enll\u00e0 i ens hem endinsat en els\u00a0 origens . Hem trobat el paral\u00b7lelisme amb la castanyada i amb la diada de tots Sants.\u00a0&hellip;  <a href=\"https:\/\/agora.xtec.cat\/escolalavilapalamos\/general\/halloween\/\" title=\"Read Halloween\">Llegeix m\u00e9s\u00bb<\/a><\/p>\n","protected":false},"author":11,"featured_media":13985,"comment_status":"open","ping_status":"closed","sticky":false,"template":"","format":"standard","meta":{"_bbp_topic_count":0,"_bbp_reply_count":0,"_bbp_total_topic_count":0,"_bbp_total_reply_count":0,"_bbp_voice_count":0,"_bbp_anonymous_reply_count":0,"_bbp_topic_count_hidden":0,"_bbp_reply_count_hidden":0,"_bbp_forum_subforum_count":0,"footnotes":""},"categories":[1,4],"tags":[],"class_list":["post-13966","post","type-post","status-publish","format-standard","has-post-thumbnail","hentry","category-general","category-portada"],"post_mailing_queue_ids":[],"_links":{"self":[{"href":"https:\/\/agora.xtec.cat\/escolalavilapalamos\/wp-json\/wp\/v2\/posts\/13966","targetHints":{"allow":["GET"]}}],"collection":[{"href":"https:\/\/agora.xtec.cat\/escolalavilapalamos\/wp-json\/wp\/v2\/posts"}],"about":[{"href":"https:\/\/agora.xtec.cat\/escolalavilapalamos\/wp-json\/wp\/v2\/types\/post"}],"author":[{"embeddable":true,"href":"https:\/\/agora.xtec.cat\/escolalavilapalamos\/wp-json\/wp\/v2\/users\/11"}],"replies":[{"embeddable":true,"href":"https:\/\/agora.xtec.cat\/escolalavilapalamos\/wp-json\/wp\/v2\/comments?post=13966"}],"version-history":[{"count":3,"href":"https:\/\/agora.xtec.cat\/escolalavilapalamos\/wp-json\/wp\/v2\/posts\/13966\/revisions"}],"predecessor-version":[{"id":13995,"href":"https:\/\/agora.xtec.cat\/escolalavilapalamos\/wp-json\/wp\/v2\/posts\/13966\/revisions\/13995"}],"wp:featuredmedia":[{"embeddable":true,"href":"https:\/\/agora.xtec.cat\/escolalavilapalamos\/wp-json\/wp\/v2\/media\/13985"}],"wp:attachment":[{"href":"https:\/\/agora.xtec.cat\/escolalavilapalamos\/wp-json\/wp\/v2\/media?parent=13966"}],"wp:term":[{"taxonomy":"category","embeddable":true,"href":"https:\/\/agora.xtec.cat\/escolalavilapalamos\/wp-json\/wp\/v2\/categories?post=13966"},{"taxonomy":"post_tag","embeddable":true,"href":"https:\/\/agora.xtec.cat\/escolalavilapalamos\/wp-json\/wp\/v2\/tags?post=13966"}],"curies":[{"name":"wp","href":"https:\/\/api.w.org\/{rel}","templated":true}]}}