{"id":13955,"date":"2023-10-26T14:11:19","date_gmt":"2023-10-26T12:11:19","guid":{"rendered":"https:\/\/agora.xtec.cat\/escolalavilapalamos\/?p=13955"},"modified":"2023-11-02T20:15:31","modified_gmt":"2023-11-02T19:15:31","slug":"les-classes-de-4t-ja-tenim-delegades-i-delegats","status":"publish","type":"post","link":"https:\/\/agora.xtec.cat\/escolalavilapalamos\/portada\/les-classes-de-4t-ja-tenim-delegades-i-delegats\/","title":{"rendered":"Les classes de 4t ja tenim delegades i delegats!"},"content":{"rendered":"<p>A les classes de 4t ja tenim les delegades i delegats que dirigiran les assembles d&#8217;aula i ens representaran davant de l\u2019escola en els consells d\u2019infants.<\/p>\n<p>Els candidats i candidates ens van haver de conv\u00e8ncer explicant-nos amb detall com tenien pensat dur a terme la seva funci\u00f3.<\/p>\n<p>Va ser una decisi\u00f3 dif\u00edcil i les votacions van estar d\u2019all\u00f2 m\u00e9s ajustades, per\u00f2 finalment aquests s\u00f3n els companys i companyes que ens representen.<\/p>\n<p>A 4t A s\u00f3n en Guillem i en Pere mentre que a 4tB s\u00f3n la Lena i l\u2019Al\u00e8xia.<\/p>\n<p><a href=\"https:\/\/agora.xtec.cat\/escolalavilapalamos\/wp-content\/uploads\/usu897\/2023\/10\/af9fd023-7990-4092-bfd3-7fd97dd4ae1a-1.jpg\"><img loading=\"lazy\" decoding=\"async\" class=\"wp-image-13961 alignnone\" src=\"https:\/\/agora.xtec.cat\/escolalavilapalamos\/wp-content\/uploads\/usu897\/2023\/10\/af9fd023-7990-4092-bfd3-7fd97dd4ae1a-1.jpg\" alt=\"\" width=\"215\" height=\"250\" srcset=\"https:\/\/agora.xtec.cat\/escolalavilapalamos\/wp-content\/uploads\/usu897\/2023\/10\/af9fd023-7990-4092-bfd3-7fd97dd4ae1a-1.jpg 655w, https:\/\/agora.xtec.cat\/escolalavilapalamos\/wp-content\/uploads\/usu897\/2023\/10\/af9fd023-7990-4092-bfd3-7fd97dd4ae1a-1-257x300.jpg 257w\" sizes=\"auto, (max-width: 215px) 100vw, 215px\" \/><\/a><a href=\"https:\/\/agora.xtec.cat\/escolalavilapalamos\/wp-content\/uploads\/usu897\/2023\/10\/IMG_6851.jpg\"><img loading=\"lazy\" decoding=\"async\" class=\"wp-image-13960 alignleft\" src=\"https:\/\/agora.xtec.cat\/escolalavilapalamos\/wp-content\/uploads\/usu897\/2023\/10\/IMG_6851.jpg\" alt=\"\" width=\"279\" height=\"191\" srcset=\"https:\/\/agora.xtec.cat\/escolalavilapalamos\/wp-content\/uploads\/usu897\/2023\/10\/IMG_6851.jpg 504w, https:\/\/agora.xtec.cat\/escolalavilapalamos\/wp-content\/uploads\/usu897\/2023\/10\/IMG_6851-300x205.jpg 300w\" sizes=\"auto, (max-width: 279px) 100vw, 279px\" \/><\/a><\/p>\n","protected":false},"excerpt":{"rendered":"<p>A les classes de 4t ja tenim les delegades i delegats que dirigiran les assembles d&#8217;aula i ens representaran davant de l\u2019escola en els consells d\u2019infants.<br \/>\nEls candidats i candidates ens van haver de conv\u00e8ncer explicant-nos amb detall com tenien pensat dur a terme la seva&hellip;  <a href=\"https:\/\/agora.xtec.cat\/escolalavilapalamos\/portada\/les-classes-de-4t-ja-tenim-delegades-i-delegats\/\" title=\"Read Les classes de 4t ja tenim delegades i delegats!\">Llegeix m\u00e9s\u00bb<\/a><\/p>\n","protected":false},"author":132,"featured_media":0,"comment_status":"open","ping_status":"closed","sticky":false,"template":"","format":"standard","meta":{"_bbp_topic_count":0,"_bbp_reply_count":0,"_bbp_total_topic_count":0,"_bbp_total_reply_count":0,"_bbp_voice_count":0,"_bbp_anonymous_reply_count":0,"_bbp_topic_count_hidden":0,"_bbp_reply_count_hidden":0,"_bbp_forum_subforum_count":0,"footnotes":""},"categories":[128,4,5],"tags":[],"class_list":["post-13955","post","type-post","status-publish","format-standard","hentry","category-comunitat-de-grans","category-portada","category-primaria"],"post_mailing_queue_ids":[],"_links":{"self":[{"href":"https:\/\/agora.xtec.cat\/escolalavilapalamos\/wp-json\/wp\/v2\/posts\/13955","targetHints":{"allow":["GET"]}}],"collection":[{"href":"https:\/\/agora.xtec.cat\/escolalavilapalamos\/wp-json\/wp\/v2\/posts"}],"about":[{"href":"https:\/\/agora.xtec.cat\/escolalavilapalamos\/wp-json\/wp\/v2\/types\/post"}],"author":[{"embeddable":true,"href":"https:\/\/agora.xtec.cat\/escolalavilapalamos\/wp-json\/wp\/v2\/users\/132"}],"replies":[{"embeddable":true,"href":"https:\/\/agora.xtec.cat\/escolalavilapalamos\/wp-json\/wp\/v2\/comments?post=13955"}],"version-history":[{"count":6,"href":"https:\/\/agora.xtec.cat\/escolalavilapalamos\/wp-json\/wp\/v2\/posts\/13955\/revisions"}],"predecessor-version":[{"id":13979,"href":"https:\/\/agora.xtec.cat\/escolalavilapalamos\/wp-json\/wp\/v2\/posts\/13955\/revisions\/13979"}],"wp:attachment":[{"href":"https:\/\/agora.xtec.cat\/escolalavilapalamos\/wp-json\/wp\/v2\/media?parent=13955"}],"wp:term":[{"taxonomy":"category","embeddable":true,"href":"https:\/\/agora.xtec.cat\/escolalavilapalamos\/wp-json\/wp\/v2\/categories?post=13955"},{"taxonomy":"post_tag","embeddable":true,"href":"https:\/\/agora.xtec.cat\/escolalavilapalamos\/wp-json\/wp\/v2\/tags?post=13955"}],"curies":[{"name":"wp","href":"https:\/\/api.w.org\/{rel}","templated":true}]}}