{"id":13941,"date":"2023-10-25T16:42:59","date_gmt":"2023-10-25T14:42:59","guid":{"rendered":"https:\/\/agora.xtec.cat\/escolalavilapalamos\/?p=13941"},"modified":"2023-10-25T16:42:59","modified_gmt":"2023-10-25T14:42:59","slug":"musica-a-la-comunitat-de-mitjans","status":"publish","type":"post","link":"https:\/\/agora.xtec.cat\/escolalavilapalamos\/general\/musica-a-la-comunitat-de-mitjans\/","title":{"rendered":"M\u00fasica a la comunitat de mitjans"},"content":{"rendered":"<p>Des d&#8217;inici de curs els i les alumnes de la comunitat de mitjans fem m\u00fasica cada setmana. Durant les sessions vivim la m\u00fasica i la gaudim al m\u00e0xim. Realitzem diferents activitats com jocs musicals, tocar instruments, cantar, ballar, fer audicions&#8230;Aprenem tot gaudint amb la m\u00fasica!<\/p>\n<p><a href=\"https:\/\/agora.xtec.cat\/escolalavilapalamos\/wp-content\/uploads\/usu897\/2023\/10\/WhatsApp-Image-2023-10-25-at-12.32.57.jpeg\"><img loading=\"lazy\" decoding=\"async\" class=\"alignnone size-medium wp-image-13942\" src=\"https:\/\/agora.xtec.cat\/escolalavilapalamos\/wp-content\/uploads\/usu897\/2023\/10\/WhatsApp-Image-2023-10-25-at-12.32.57-300x135.jpeg\" alt=\"\" width=\"300\" height=\"135\" srcset=\"https:\/\/agora.xtec.cat\/escolalavilapalamos\/wp-content\/uploads\/usu897\/2023\/10\/WhatsApp-Image-2023-10-25-at-12.32.57-300x135.jpeg 300w, https:\/\/agora.xtec.cat\/escolalavilapalamos\/wp-content\/uploads\/usu897\/2023\/10\/WhatsApp-Image-2023-10-25-at-12.32.57-1024x462.jpeg 1024w, https:\/\/agora.xtec.cat\/escolalavilapalamos\/wp-content\/uploads\/usu897\/2023\/10\/WhatsApp-Image-2023-10-25-at-12.32.57-768x346.jpeg 768w, https:\/\/agora.xtec.cat\/escolalavilapalamos\/wp-content\/uploads\/usu897\/2023\/10\/WhatsApp-Image-2023-10-25-at-12.32.57-1536x692.jpeg 1536w, https:\/\/agora.xtec.cat\/escolalavilapalamos\/wp-content\/uploads\/usu897\/2023\/10\/WhatsApp-Image-2023-10-25-at-12.32.57.jpeg 2048w\" sizes=\"auto, (max-width: 300px) 100vw, 300px\" \/><\/a> <a href=\"https:\/\/agora.xtec.cat\/escolalavilapalamos\/wp-content\/uploads\/usu897\/2023\/10\/WhatsApp-Image-2023-10-25-at-12.32.40.jpeg\"><img loading=\"lazy\" decoding=\"async\" class=\" wp-image-13943 alignnone\" src=\"https:\/\/agora.xtec.cat\/escolalavilapalamos\/wp-content\/uploads\/usu897\/2023\/10\/WhatsApp-Image-2023-10-25-at-12.32.40-1024x461.jpeg\" alt=\"\" width=\"315\" height=\"142\" srcset=\"https:\/\/agora.xtec.cat\/escolalavilapalamos\/wp-content\/uploads\/usu897\/2023\/10\/WhatsApp-Image-2023-10-25-at-12.32.40-1024x461.jpeg 1024w, https:\/\/agora.xtec.cat\/escolalavilapalamos\/wp-content\/uploads\/usu897\/2023\/10\/WhatsApp-Image-2023-10-25-at-12.32.40-300x135.jpeg 300w, https:\/\/agora.xtec.cat\/escolalavilapalamos\/wp-content\/uploads\/usu897\/2023\/10\/WhatsApp-Image-2023-10-25-at-12.32.40-768x346.jpeg 768w, https:\/\/agora.xtec.cat\/escolalavilapalamos\/wp-content\/uploads\/usu897\/2023\/10\/WhatsApp-Image-2023-10-25-at-12.32.40-1536x691.jpeg 1536w, https:\/\/agora.xtec.cat\/escolalavilapalamos\/wp-content\/uploads\/usu897\/2023\/10\/WhatsApp-Image-2023-10-25-at-12.32.40.jpeg 2000w\" sizes=\"auto, (max-width: 315px) 100vw, 315px\" \/><\/a><a href=\"https:\/\/agora.xtec.cat\/escolalavilapalamos\/wp-content\/uploads\/usu897\/2023\/10\/WhatsApp-Image-2023-10-25-at-12.30.17.jpeg\"><img loading=\"lazy\" decoding=\"async\" class=\"alignnone wp-image-13945\" src=\"https:\/\/agora.xtec.cat\/escolalavilapalamos\/wp-content\/uploads\/usu897\/2023\/10\/WhatsApp-Image-2023-10-25-at-12.30.17-1024x461.jpeg\" alt=\"\" width=\"380\" height=\"171\" srcset=\"https:\/\/agora.xtec.cat\/escolalavilapalamos\/wp-content\/uploads\/usu897\/2023\/10\/WhatsApp-Image-2023-10-25-at-12.30.17-1024x461.jpeg 1024w, https:\/\/agora.xtec.cat\/escolalavilapalamos\/wp-content\/uploads\/usu897\/2023\/10\/WhatsApp-Image-2023-10-25-at-12.30.17-300x135.jpeg 300w, https:\/\/agora.xtec.cat\/escolalavilapalamos\/wp-content\/uploads\/usu897\/2023\/10\/WhatsApp-Image-2023-10-25-at-12.30.17-768x346.jpeg 768w, https:\/\/agora.xtec.cat\/escolalavilapalamos\/wp-content\/uploads\/usu897\/2023\/10\/WhatsApp-Image-2023-10-25-at-12.30.17-1536x691.jpeg 1536w, https:\/\/agora.xtec.cat\/escolalavilapalamos\/wp-content\/uploads\/usu897\/2023\/10\/WhatsApp-Image-2023-10-25-at-12.30.17.jpeg 2000w\" sizes=\"auto, (max-width: 380px) 100vw, 380px\" \/><\/a> <a href=\"https:\/\/agora.xtec.cat\/escolalavilapalamos\/wp-content\/uploads\/usu897\/2023\/10\/WhatsApp-Image-2023-10-25-at-12.30.18.jpeg\"><img loading=\"lazy\" decoding=\"async\" class=\"alignnone wp-image-13944\" src=\"https:\/\/agora.xtec.cat\/escolalavilapalamos\/wp-content\/uploads\/usu897\/2023\/10\/WhatsApp-Image-2023-10-25-at-12.30.18-1024x461.jpeg\" alt=\"\" width=\"367\" height=\"165\" srcset=\"https:\/\/agora.xtec.cat\/escolalavilapalamos\/wp-content\/uploads\/usu897\/2023\/10\/WhatsApp-Image-2023-10-25-at-12.30.18-1024x461.jpeg 1024w, https:\/\/agora.xtec.cat\/escolalavilapalamos\/wp-content\/uploads\/usu897\/2023\/10\/WhatsApp-Image-2023-10-25-at-12.30.18-300x135.jpeg 300w, https:\/\/agora.xtec.cat\/escolalavilapalamos\/wp-content\/uploads\/usu897\/2023\/10\/WhatsApp-Image-2023-10-25-at-12.30.18-768x346.jpeg 768w, https:\/\/agora.xtec.cat\/escolalavilapalamos\/wp-content\/uploads\/usu897\/2023\/10\/WhatsApp-Image-2023-10-25-at-12.30.18-1536x691.jpeg 1536w, https:\/\/agora.xtec.cat\/escolalavilapalamos\/wp-content\/uploads\/usu897\/2023\/10\/WhatsApp-Image-2023-10-25-at-12.30.18.jpeg 2000w\" sizes=\"auto, (max-width: 367px) 100vw, 367px\" \/><\/a><\/p>\n","protected":false},"excerpt":{"rendered":"<p>Des d&#8217;inici de curs els i les alumnes de la comunitat de mitjans fem m\u00fasica cada setmana. Durant les sessions vivim la m\u00fasica i la gaudim al m\u00e0xim. Realitzem diferents activitats com jocs musicals, tocar instruments, cantar, ballar, fer audicions&#8230;Aprenem tot gaudint amb la m\u00fasica!<br \/>\n<a&hellip;  <a href=\"https:\/\/agora.xtec.cat\/escolalavilapalamos\/general\/musica-a-la-comunitat-de-mitjans\/\" title=\"Read M\u00fasica a la comunitat de mitjans\">Llegeix m\u00e9s\u00bb<\/a><\/p>\n","protected":false},"author":131,"featured_media":0,"comment_status":"open","ping_status":"closed","sticky":false,"template":"","format":"standard","meta":{"_bbp_topic_count":0,"_bbp_reply_count":0,"_bbp_total_topic_count":0,"_bbp_total_reply_count":0,"_bbp_voice_count":0,"_bbp_anonymous_reply_count":0,"_bbp_topic_count_hidden":0,"_bbp_reply_count_hidden":0,"_bbp_forum_subforum_count":0,"footnotes":""},"categories":[127,1,4],"tags":[],"class_list":["post-13941","post","type-post","status-publish","format-standard","hentry","category-comunitat-de-mitjans","category-general","category-portada"],"post_mailing_queue_ids":[],"_links":{"self":[{"href":"https:\/\/agora.xtec.cat\/escolalavilapalamos\/wp-json\/wp\/v2\/posts\/13941","targetHints":{"allow":["GET"]}}],"collection":[{"href":"https:\/\/agora.xtec.cat\/escolalavilapalamos\/wp-json\/wp\/v2\/posts"}],"about":[{"href":"https:\/\/agora.xtec.cat\/escolalavilapalamos\/wp-json\/wp\/v2\/types\/post"}],"author":[{"embeddable":true,"href":"https:\/\/agora.xtec.cat\/escolalavilapalamos\/wp-json\/wp\/v2\/users\/131"}],"replies":[{"embeddable":true,"href":"https:\/\/agora.xtec.cat\/escolalavilapalamos\/wp-json\/wp\/v2\/comments?post=13941"}],"version-history":[{"count":1,"href":"https:\/\/agora.xtec.cat\/escolalavilapalamos\/wp-json\/wp\/v2\/posts\/13941\/revisions"}],"predecessor-version":[{"id":13946,"href":"https:\/\/agora.xtec.cat\/escolalavilapalamos\/wp-json\/wp\/v2\/posts\/13941\/revisions\/13946"}],"wp:attachment":[{"href":"https:\/\/agora.xtec.cat\/escolalavilapalamos\/wp-json\/wp\/v2\/media?parent=13941"}],"wp:term":[{"taxonomy":"category","embeddable":true,"href":"https:\/\/agora.xtec.cat\/escolalavilapalamos\/wp-json\/wp\/v2\/categories?post=13941"},{"taxonomy":"post_tag","embeddable":true,"href":"https:\/\/agora.xtec.cat\/escolalavilapalamos\/wp-json\/wp\/v2\/tags?post=13941"}],"curies":[{"name":"wp","href":"https:\/\/api.w.org\/{rel}","templated":true}]}}