{"id":13928,"date":"2023-10-25T16:43:42","date_gmt":"2023-10-25T14:43:42","guid":{"rendered":"https:\/\/agora.xtec.cat\/escolalavilapalamos\/?p=13928"},"modified":"2023-10-25T16:44:26","modified_gmt":"2023-10-25T14:44:26","slug":"preparem-la-dansa-de-la-castanyada-a-comunitat-de-grans","status":"publish","type":"post","link":"https:\/\/agora.xtec.cat\/escolalavilapalamos\/general\/preparem-la-dansa-de-la-castanyada-a-comunitat-de-grans\/","title":{"rendered":"Preparem la dansa de la castanyada a comunitat de grans."},"content":{"rendered":"<p>Aquest any els i les alumnes de 6\u00e8 han preparat la coreografia que es far\u00e0 el dia de la castanyada a la comunitat de grans. Un cop escollida la m\u00fasica, es van fer diferents grups i cada un d&#8217;ells va aportar un moviment o pas pel ball. Un cop ordenats i ben coordinats amb la m\u00fasica, es van aprendre tota la coreografia. Nom\u00e9s ens quedava ajudar als alumnes de 5\u00e8 i 4t en l&#8217;aprenentatge dels diferents moviments de la dansa, aix\u00ed que per grups, van anar passant pels diferents cursos a explicar i mostrar com\u00a0 es feia la coreografia. El resultat final el podreu veure el dia de al castanyada! Hem gaudit molt amb aquesta activitat!<\/p>\n<p><a href=\"https:\/\/agora.xtec.cat\/escolalavilapalamos\/wp-content\/uploads\/usu897\/2023\/10\/WhatsApp-Image-2023-10-25-at-12.17.34.jpeg\"><img loading=\"lazy\" decoding=\"async\" class=\"wp-image-13939 aligncenter\" src=\"https:\/\/agora.xtec.cat\/escolalavilapalamos\/wp-content\/uploads\/usu897\/2023\/10\/WhatsApp-Image-2023-10-25-at-12.17.34-1024x462.jpeg\" alt=\"\" width=\"386\" height=\"174\" srcset=\"https:\/\/agora.xtec.cat\/escolalavilapalamos\/wp-content\/uploads\/usu897\/2023\/10\/WhatsApp-Image-2023-10-25-at-12.17.34-1024x462.jpeg 1024w, https:\/\/agora.xtec.cat\/escolalavilapalamos\/wp-content\/uploads\/usu897\/2023\/10\/WhatsApp-Image-2023-10-25-at-12.17.34-300x135.jpeg 300w, https:\/\/agora.xtec.cat\/escolalavilapalamos\/wp-content\/uploads\/usu897\/2023\/10\/WhatsApp-Image-2023-10-25-at-12.17.34-768x346.jpeg 768w, https:\/\/agora.xtec.cat\/escolalavilapalamos\/wp-content\/uploads\/usu897\/2023\/10\/WhatsApp-Image-2023-10-25-at-12.17.34-1536x692.jpeg 1536w, https:\/\/agora.xtec.cat\/escolalavilapalamos\/wp-content\/uploads\/usu897\/2023\/10\/WhatsApp-Image-2023-10-25-at-12.17.34.jpeg 2048w\" sizes=\"auto, (max-width: 386px) 100vw, 386px\" \/><\/a><\/p>\n<p><a href=\"https:\/\/agora.xtec.cat\/escolalavilapalamos\/wp-content\/uploads\/usu897\/2023\/10\/WhatsApp-Image-2023-10-24-at-16.19.10.jpeg\"><img loading=\"lazy\" decoding=\"async\" class=\"wp-image-13935 aligncenter\" src=\"https:\/\/agora.xtec.cat\/escolalavilapalamos\/wp-content\/uploads\/usu897\/2023\/10\/WhatsApp-Image-2023-10-24-at-16.19.10-1024x462.jpeg\" alt=\"\" width=\"386\" height=\"174\" srcset=\"https:\/\/agora.xtec.cat\/escolalavilapalamos\/wp-content\/uploads\/usu897\/2023\/10\/WhatsApp-Image-2023-10-24-at-16.19.10-1024x462.jpeg 1024w, https:\/\/agora.xtec.cat\/escolalavilapalamos\/wp-content\/uploads\/usu897\/2023\/10\/WhatsApp-Image-2023-10-24-at-16.19.10-300x135.jpeg 300w, https:\/\/agora.xtec.cat\/escolalavilapalamos\/wp-content\/uploads\/usu897\/2023\/10\/WhatsApp-Image-2023-10-24-at-16.19.10-768x346.jpeg 768w, https:\/\/agora.xtec.cat\/escolalavilapalamos\/wp-content\/uploads\/usu897\/2023\/10\/WhatsApp-Image-2023-10-24-at-16.19.10-1536x692.jpeg 1536w, https:\/\/agora.xtec.cat\/escolalavilapalamos\/wp-content\/uploads\/usu897\/2023\/10\/WhatsApp-Image-2023-10-24-at-16.19.10.jpeg 2048w\" sizes=\"auto, (max-width: 386px) 100vw, 386px\" \/><\/a><\/p>\n<p><a href=\"https:\/\/agora.xtec.cat\/escolalavilapalamos\/wp-content\/uploads\/usu897\/2023\/10\/WhatsApp-Image-2023-10-25-at-12.17.05.jpeg\"><img loading=\"lazy\" decoding=\"async\" class=\"wp-image-13938 aligncenter\" src=\"https:\/\/agora.xtec.cat\/escolalavilapalamos\/wp-content\/uploads\/usu897\/2023\/10\/WhatsApp-Image-2023-10-25-at-12.17.05-1024x462.jpeg\" alt=\"\" width=\"404\" height=\"182\" srcset=\"https:\/\/agora.xtec.cat\/escolalavilapalamos\/wp-content\/uploads\/usu897\/2023\/10\/WhatsApp-Image-2023-10-25-at-12.17.05-1024x462.jpeg 1024w, https:\/\/agora.xtec.cat\/escolalavilapalamos\/wp-content\/uploads\/usu897\/2023\/10\/WhatsApp-Image-2023-10-25-at-12.17.05-300x135.jpeg 300w, https:\/\/agora.xtec.cat\/escolalavilapalamos\/wp-content\/uploads\/usu897\/2023\/10\/WhatsApp-Image-2023-10-25-at-12.17.05-768x346.jpeg 768w, https:\/\/agora.xtec.cat\/escolalavilapalamos\/wp-content\/uploads\/usu897\/2023\/10\/WhatsApp-Image-2023-10-25-at-12.17.05-1536x692.jpeg 1536w, https:\/\/agora.xtec.cat\/escolalavilapalamos\/wp-content\/uploads\/usu897\/2023\/10\/WhatsApp-Image-2023-10-25-at-12.17.05.jpeg 2048w\" sizes=\"auto, (max-width: 404px) 100vw, 404px\" \/><\/a><\/p>\n<p>&nbsp;<\/p>\n","protected":false},"excerpt":{"rendered":"<p>Aquest any els i les alumnes de 6\u00e8 han preparat la coreografia que es far\u00e0 el dia de la castanyada a la comunitat de grans. Un cop escollida la m\u00fasica, es van fer diferents grups i cada un d&#8217;ells va aportar un moviment o pas&hellip;  <a href=\"https:\/\/agora.xtec.cat\/escolalavilapalamos\/general\/preparem-la-dansa-de-la-castanyada-a-comunitat-de-grans\/\" title=\"Read Preparem la dansa de la castanyada a comunitat de grans.\">Llegeix m\u00e9s\u00bb<\/a><\/p>\n","protected":false},"author":132,"featured_media":0,"comment_status":"open","ping_status":"closed","sticky":false,"template":"","format":"standard","meta":{"_bbp_topic_count":0,"_bbp_reply_count":0,"_bbp_total_topic_count":0,"_bbp_total_reply_count":0,"_bbp_voice_count":0,"_bbp_anonymous_reply_count":0,"_bbp_topic_count_hidden":0,"_bbp_reply_count_hidden":0,"_bbp_forum_subforum_count":0,"footnotes":""},"categories":[1,4],"tags":[82],"class_list":["post-13928","post","type-post","status-publish","format-standard","hentry","category-general","category-portada","tag-cicle-superior"],"post_mailing_queue_ids":[],"_links":{"self":[{"href":"https:\/\/agora.xtec.cat\/escolalavilapalamos\/wp-json\/wp\/v2\/posts\/13928","targetHints":{"allow":["GET"]}}],"collection":[{"href":"https:\/\/agora.xtec.cat\/escolalavilapalamos\/wp-json\/wp\/v2\/posts"}],"about":[{"href":"https:\/\/agora.xtec.cat\/escolalavilapalamos\/wp-json\/wp\/v2\/types\/post"}],"author":[{"embeddable":true,"href":"https:\/\/agora.xtec.cat\/escolalavilapalamos\/wp-json\/wp\/v2\/users\/132"}],"replies":[{"embeddable":true,"href":"https:\/\/agora.xtec.cat\/escolalavilapalamos\/wp-json\/wp\/v2\/comments?post=13928"}],"version-history":[{"count":5,"href":"https:\/\/agora.xtec.cat\/escolalavilapalamos\/wp-json\/wp\/v2\/posts\/13928\/revisions"}],"predecessor-version":[{"id":13953,"href":"https:\/\/agora.xtec.cat\/escolalavilapalamos\/wp-json\/wp\/v2\/posts\/13928\/revisions\/13953"}],"wp:attachment":[{"href":"https:\/\/agora.xtec.cat\/escolalavilapalamos\/wp-json\/wp\/v2\/media?parent=13928"}],"wp:term":[{"taxonomy":"category","embeddable":true,"href":"https:\/\/agora.xtec.cat\/escolalavilapalamos\/wp-json\/wp\/v2\/categories?post=13928"},{"taxonomy":"post_tag","embeddable":true,"href":"https:\/\/agora.xtec.cat\/escolalavilapalamos\/wp-json\/wp\/v2\/tags?post=13928"}],"curies":[{"name":"wp","href":"https:\/\/api.w.org\/{rel}","templated":true}]}}