{"id":13913,"date":"2023-10-28T20:18:11","date_gmt":"2023-10-28T18:18:11","guid":{"rendered":"https:\/\/agora.xtec.cat\/escolalavilapalamos\/?p=13913"},"modified":"2023-10-28T20:18:11","modified_gmt":"2023-10-28T18:18:11","slug":"hem-comencat-especialitats-a-infantil","status":"publish","type":"post","link":"https:\/\/agora.xtec.cat\/escolalavilapalamos\/infantil\/hem-comencat-especialitats-a-infantil\/","title":{"rendered":"Hem comen\u00e7at especialitats a infantil!"},"content":{"rendered":"<p><img loading=\"lazy\" decoding=\"async\" class=\"wp-image-13918 aligncenter\" src=\"https:\/\/agora.xtec.cat\/escolalavilapalamos\/wp-content\/uploads\/usu897\/2023\/10\/20231010_150743-1024x461.jpg\" alt=\"\" width=\"512\" height=\"231\" srcset=\"https:\/\/agora.xtec.cat\/escolalavilapalamos\/wp-content\/uploads\/usu897\/2023\/10\/20231010_150743-1024x461.jpg 1024w, https:\/\/agora.xtec.cat\/escolalavilapalamos\/wp-content\/uploads\/usu897\/2023\/10\/20231010_150743-300x135.jpg 300w, https:\/\/agora.xtec.cat\/escolalavilapalamos\/wp-content\/uploads\/usu897\/2023\/10\/20231010_150743-768x346.jpg 768w, https:\/\/agora.xtec.cat\/escolalavilapalamos\/wp-content\/uploads\/usu897\/2023\/10\/20231010_150743-1536x691.jpg 1536w, https:\/\/agora.xtec.cat\/escolalavilapalamos\/wp-content\/uploads\/usu897\/2023\/10\/20231010_150743-2048x922.jpg 2048w\" sizes=\"auto, (max-width: 512px) 100vw, 512px\" \/><\/p>\n<p>Els nens i nenes de la comunitat de petits ja han comen\u00e7at les especialitats aix\u00ed doncs, ja fan angl\u00e8s, m\u00fasica i psicomotricitat.<\/p>\n<p>Clicant sobre els enlla\u00e7os en podreu veure un recull de les primeres sessions d&#8217;aquest curs.<\/p>\n<p><a href=\"https:\/\/drive.google.com\/drive\/folders\/1dCvGyhnlz-n_FJe7jPTs2Ojf6HYfmlY_?usp=sharing\">Psicomotricitat<\/a><\/p>\n<p><a href=\"https:\/\/drive.google.com\/drive\/folders\/1GtS4fizwdgJQowj3IO76ujNZMKuYGErz?usp=drive_link\">M\u00fasica <\/a><\/p>\n<p>&nbsp;<\/p>\n","protected":false},"excerpt":{"rendered":"<p>Els nens i nenes de la comunitat de petits ja han comen\u00e7at les especialitats aix\u00ed doncs, ja fan angl\u00e8s, m\u00fasica i psicomotricitat.<br \/>\nClicant sobre els enlla\u00e7os en podreu veure un recull de les primeres sessions d&#8217;aquest curs.<br \/>\n<a href=\"https:\/\/drive.google.com\/drive\/folders\/1dCvGyhnlz-n_FJe7jPTs2Ojf6HYfmlY_?usp=sharing\">Psicomotricitat<\/a><br \/>\n<a href=\"https:\/\/drive.google.com\/drive\/folders\/1GtS4fizwdgJQowj3IO76ujNZMKuYGErz?usp=drive_link\">M\u00fasica <\/a><br \/>\n&nbsp;<\/p>\n","protected":false},"author":128,"featured_media":0,"comment_status":"open","ping_status":"closed","sticky":false,"template":"","format":"standard","meta":{"_bbp_topic_count":0,"_bbp_reply_count":0,"_bbp_total_topic_count":0,"_bbp_total_reply_count":0,"_bbp_voice_count":0,"_bbp_anonymous_reply_count":0,"_bbp_topic_count_hidden":0,"_bbp_reply_count_hidden":0,"_bbp_forum_subforum_count":0,"footnotes":""},"categories":[2,67,4],"tags":[],"class_list":["post-13913","post","type-post","status-publish","format-standard","hentry","category-infantil","category-especialistes","category-portada"],"post_mailing_queue_ids":[],"_links":{"self":[{"href":"https:\/\/agora.xtec.cat\/escolalavilapalamos\/wp-json\/wp\/v2\/posts\/13913","targetHints":{"allow":["GET"]}}],"collection":[{"href":"https:\/\/agora.xtec.cat\/escolalavilapalamos\/wp-json\/wp\/v2\/posts"}],"about":[{"href":"https:\/\/agora.xtec.cat\/escolalavilapalamos\/wp-json\/wp\/v2\/types\/post"}],"author":[{"embeddable":true,"href":"https:\/\/agora.xtec.cat\/escolalavilapalamos\/wp-json\/wp\/v2\/users\/128"}],"replies":[{"embeddable":true,"href":"https:\/\/agora.xtec.cat\/escolalavilapalamos\/wp-json\/wp\/v2\/comments?post=13913"}],"version-history":[{"count":6,"href":"https:\/\/agora.xtec.cat\/escolalavilapalamos\/wp-json\/wp\/v2\/posts\/13913\/revisions"}],"predecessor-version":[{"id":13970,"href":"https:\/\/agora.xtec.cat\/escolalavilapalamos\/wp-json\/wp\/v2\/posts\/13913\/revisions\/13970"}],"wp:attachment":[{"href":"https:\/\/agora.xtec.cat\/escolalavilapalamos\/wp-json\/wp\/v2\/media?parent=13913"}],"wp:term":[{"taxonomy":"category","embeddable":true,"href":"https:\/\/agora.xtec.cat\/escolalavilapalamos\/wp-json\/wp\/v2\/categories?post=13913"},{"taxonomy":"post_tag","embeddable":true,"href":"https:\/\/agora.xtec.cat\/escolalavilapalamos\/wp-json\/wp\/v2\/tags?post=13913"}],"curies":[{"name":"wp","href":"https:\/\/api.w.org\/{rel}","templated":true}]}}