{"id":13904,"date":"2023-10-19T15:01:17","date_gmt":"2023-10-19T13:01:17","guid":{"rendered":"https:\/\/agora.xtec.cat\/escolalavilapalamos\/?p=13904"},"modified":"2023-10-24T10:00:47","modified_gmt":"2023-10-24T08:00:47","slug":"sortida-de-3r-pirates-a-palamos","status":"publish","type":"post","link":"https:\/\/agora.xtec.cat\/escolalavilapalamos\/portada\/sortida-de-3r-pirates-a-palamos\/","title":{"rendered":"Sortida de 3r: &#8220;Pirates a Palam\u00f3s&#8221;"},"content":{"rendered":"<p>El dimarts 3 d&#8217;octubre, l&#8217;alumnat de 3r. vam fer una sortida molt enriquidora per con\u00e8ixer la hist\u00f2ria dels pirates a la nostra vila. Durant tot el mat\u00ed, els nens i nenes varem fer un recorregut pel casc antic de la vila de Palam\u00f3s i vam aprendre moltes coses que no sabien dels Pirates que van desembarcar al nostre poble fa molts i molts anys.<\/p>\n<p>La difer\u00e8ncia entre corsaris i pirates, la Carta Pobla de Pere II el gran als ve\u00efns i ve\u00efnes de Palam\u00f3s, l&#8217;atac d&#8217;en Barba-roja al 1543,\u00a0 la import\u00e0ncia del forn a la vila&#8230; s\u00f3n algunes de les coses que vam aprendre en aquesta sortida.<\/p>\n<p>Vam gaudir molt i encara vam tenir temps de jugar una estona al passeig.<\/p>\n<p>A l&#8217;abordatge!!!<\/p>\n<p>Si voleu veure les fotos cliqueu en aquest enlla\u00e7:<\/p>\n<p><a href=\"https:\/\/photos.app.goo.gl\/wCYYbakQZhGggYtQ8\">https:\/\/photos.app.goo.gl\/wCYYbakQZhGggYtQ8<\/a><\/p>\n<p>&nbsp;<\/p>\n<p>&nbsp;<\/p>\n","protected":false},"excerpt":{"rendered":"<p>El dimarts 3 d&#8217;octubre, l&#8217;alumnat de 3r. vam fer una sortida molt enriquidora per con\u00e8ixer la hist\u00f2ria dels pirates a la nostra vila. Durant tot el mat\u00ed, els nens i nenes varem fer un recorregut pel casc antic de la vila de Palam\u00f3s i vam&hellip;  <a href=\"https:\/\/agora.xtec.cat\/escolalavilapalamos\/portada\/sortida-de-3r-pirates-a-palamos\/\" title=\"Read Sortida de 3r: &#8220;Pirates a Palam\u00f3s&#8221;\">Llegeix m\u00e9s\u00bb<\/a><\/p>\n","protected":false},"author":131,"featured_media":0,"comment_status":"closed","ping_status":"closed","sticky":false,"template":"","format":"standard","meta":{"_bbp_topic_count":0,"_bbp_reply_count":0,"_bbp_total_topic_count":0,"_bbp_total_reply_count":0,"_bbp_voice_count":0,"_bbp_anonymous_reply_count":0,"_bbp_topic_count_hidden":0,"_bbp_reply_count_hidden":0,"_bbp_forum_subforum_count":0,"footnotes":""},"categories":[127,4],"tags":[],"class_list":["post-13904","post","type-post","status-publish","format-standard","hentry","category-comunitat-de-mitjans","category-portada"],"post_mailing_queue_ids":[],"_links":{"self":[{"href":"https:\/\/agora.xtec.cat\/escolalavilapalamos\/wp-json\/wp\/v2\/posts\/13904","targetHints":{"allow":["GET"]}}],"collection":[{"href":"https:\/\/agora.xtec.cat\/escolalavilapalamos\/wp-json\/wp\/v2\/posts"}],"about":[{"href":"https:\/\/agora.xtec.cat\/escolalavilapalamos\/wp-json\/wp\/v2\/types\/post"}],"author":[{"embeddable":true,"href":"https:\/\/agora.xtec.cat\/escolalavilapalamos\/wp-json\/wp\/v2\/users\/131"}],"replies":[{"embeddable":true,"href":"https:\/\/agora.xtec.cat\/escolalavilapalamos\/wp-json\/wp\/v2\/comments?post=13904"}],"version-history":[{"count":5,"href":"https:\/\/agora.xtec.cat\/escolalavilapalamos\/wp-json\/wp\/v2\/posts\/13904\/revisions"}],"predecessor-version":[{"id":13910,"href":"https:\/\/agora.xtec.cat\/escolalavilapalamos\/wp-json\/wp\/v2\/posts\/13904\/revisions\/13910"}],"wp:attachment":[{"href":"https:\/\/agora.xtec.cat\/escolalavilapalamos\/wp-json\/wp\/v2\/media?parent=13904"}],"wp:term":[{"taxonomy":"category","embeddable":true,"href":"https:\/\/agora.xtec.cat\/escolalavilapalamos\/wp-json\/wp\/v2\/categories?post=13904"},{"taxonomy":"post_tag","embeddable":true,"href":"https:\/\/agora.xtec.cat\/escolalavilapalamos\/wp-json\/wp\/v2\/tags?post=13904"}],"curies":[{"name":"wp","href":"https:\/\/api.w.org\/{rel}","templated":true}]}}