{"id":13885,"date":"2023-10-19T15:09:05","date_gmt":"2023-10-19T13:09:05","guid":{"rendered":"https:\/\/agora.xtec.cat\/escolalavilapalamos\/?p=13885"},"modified":"2023-11-02T20:16:17","modified_gmt":"2023-11-02T19:16:17","slug":"adaptacio-a-i3","status":"publish","type":"post","link":"https:\/\/agora.xtec.cat\/escolalavilapalamos\/infantil\/adaptacio-a-i3\/","title":{"rendered":"ADAPTACI\u00d3 A I3"},"content":{"rendered":"<p style=\"text-align: justify;\"><span style=\"font-weight: 400;\">L\u2019adaptaci\u00f3 a l\u2019escola compr\u00e8n el proc\u00e9s que viuen els infants, juntament amb les fam\u00edlies i l\u2019equip educatiu, abans d\u2019integrar-se al m\u00f3n escolar. Es tracta d\u2019un per\u00edode important en qu\u00e8 l\u2019infant crea vincles afectius amb les persones referents i amb els iguals.<\/span><\/p>\n<p style=\"text-align: justify;\"><span style=\"font-weight: 400;\">En aquest proc\u00e9s d\u2019adaptaci\u00f3 hi poden intervenir molts factors, tots ells, b\u00e0sicament, emocionals, on l\u2019infant adquirir\u00e0 viv\u00e8ncies.<\/span><\/p>\n<p style=\"text-align: justify;\"><span style=\"font-weight: 400;\">Al Curr\u00edculum d\u2019Educaci\u00f3 Infantil destaca el concepte d\u2019escola acollidora. L\u2019escola t\u00e9 com a objectiu l\u2019educaci\u00f3 integral dels infants, per\u00f2 \u00e9s un objectiu compartit amb la fam\u00edlia. Per aquest motiu \u00e9s fonamental que l\u2019equip educatiu busqui la coordinaci\u00f3 i la complicitat de la fam\u00edlia i que la fam\u00edlia tingui plena confian\u00e7a en l\u2019escola.<\/span><\/p>\n<p style=\"text-align: justify;\"><span style=\"font-weight: 400;\">Cal establir vincles per tal que l\u2019infant se senti acompanyat i que t\u00e9 un lloc dins de l\u2019escola, que en forma part. \u00c9s necessari que l\u2019infant comenci a tenir sentiment de pertinen\u00e7a, tant amb l\u2019escola, com amb el grup-classe, fet que l\u2019ajudar\u00e0 a establir lligams afectius amb grans i petits.<\/span><\/p>\n<p style=\"text-align: justify;\"><span style=\"font-weight: 400;\">La festa de benvinguda a les fam\u00edlies forma part d\u2019aquest proc\u00e9s. <a href=\"https:\/\/photos.app.goo.gl\/8Xnm34keQnauPykb8\"><img loading=\"lazy\" decoding=\"async\" class=\"aligncenter wp-image-13902\" src=\"https:\/\/agora.xtec.cat\/escolalavilapalamos\/wp-content\/uploads\/usu897\/2023\/10\/IMG_20231016_145838_1-2-1024x768.jpg\" alt=\"\" width=\"515\" height=\"387\" srcset=\"https:\/\/agora.xtec.cat\/escolalavilapalamos\/wp-content\/uploads\/usu897\/2023\/10\/IMG_20231016_145838_1-2-1024x768.jpg 1024w, https:\/\/agora.xtec.cat\/escolalavilapalamos\/wp-content\/uploads\/usu897\/2023\/10\/IMG_20231016_145838_1-2-300x225.jpg 300w, https:\/\/agora.xtec.cat\/escolalavilapalamos\/wp-content\/uploads\/usu897\/2023\/10\/IMG_20231016_145838_1-2-768x576.jpg 768w, https:\/\/agora.xtec.cat\/escolalavilapalamos\/wp-content\/uploads\/usu897\/2023\/10\/IMG_20231016_145838_1-2-1536x1152.jpg 1536w, https:\/\/agora.xtec.cat\/escolalavilapalamos\/wp-content\/uploads\/usu897\/2023\/10\/IMG_20231016_145838_1-2-2048x1536.jpg 2048w, https:\/\/agora.xtec.cat\/escolalavilapalamos\/wp-content\/uploads\/usu897\/2023\/10\/IMG_20231016_145838_1-2-200x150.jpg 200w\" sizes=\"auto, (max-width: 515px) 100vw, 515px\" \/><\/a><\/span><\/p>\n<p style=\"text-align: justify;\"><span style=\"font-weight: 400;\">\u00a0Cliqueu la imatge per veure&#8217;n m\u00e9s.<\/span><\/p>\n<p>Les mestres d&#8217;I3<\/p>\n","protected":false},"excerpt":{"rendered":"<p>L\u2019adaptaci\u00f3 a l\u2019escola compr\u00e8n el proc\u00e9s que viuen els infants, juntament amb les fam\u00edlies i l\u2019equip educatiu, abans d\u2019integrar-se al m\u00f3n escolar. Es tracta d\u2019un per\u00edode important en qu\u00e8 l\u2019infant crea vincles afectius amb les persones referents i amb els iguals.<br \/>\nEn aquest proc\u00e9s d\u2019adaptaci\u00f3 hi&hellip;  <a href=\"https:\/\/agora.xtec.cat\/escolalavilapalamos\/infantil\/adaptacio-a-i3\/\" title=\"Read ADAPTACI\u00d3 A I3\">Llegeix m\u00e9s\u00bb<\/a><\/p>\n","protected":false},"author":128,"featured_media":13893,"comment_status":"open","ping_status":"closed","sticky":false,"template":"","format":"standard","meta":{"_bbp_topic_count":0,"_bbp_reply_count":0,"_bbp_total_topic_count":0,"_bbp_total_reply_count":0,"_bbp_voice_count":0,"_bbp_anonymous_reply_count":0,"_bbp_topic_count_hidden":0,"_bbp_reply_count_hidden":0,"_bbp_forum_subforum_count":0,"footnotes":""},"categories":[2,4],"tags":[],"class_list":["post-13885","post","type-post","status-publish","format-standard","has-post-thumbnail","hentry","category-infantil","category-portada"],"post_mailing_queue_ids":[],"_links":{"self":[{"href":"https:\/\/agora.xtec.cat\/escolalavilapalamos\/wp-json\/wp\/v2\/posts\/13885","targetHints":{"allow":["GET"]}}],"collection":[{"href":"https:\/\/agora.xtec.cat\/escolalavilapalamos\/wp-json\/wp\/v2\/posts"}],"about":[{"href":"https:\/\/agora.xtec.cat\/escolalavilapalamos\/wp-json\/wp\/v2\/types\/post"}],"author":[{"embeddable":true,"href":"https:\/\/agora.xtec.cat\/escolalavilapalamos\/wp-json\/wp\/v2\/users\/128"}],"replies":[{"embeddable":true,"href":"https:\/\/agora.xtec.cat\/escolalavilapalamos\/wp-json\/wp\/v2\/comments?post=13885"}],"version-history":[{"count":3,"href":"https:\/\/agora.xtec.cat\/escolalavilapalamos\/wp-json\/wp\/v2\/posts\/13885\/revisions"}],"predecessor-version":[{"id":13912,"href":"https:\/\/agora.xtec.cat\/escolalavilapalamos\/wp-json\/wp\/v2\/posts\/13885\/revisions\/13912"}],"wp:featuredmedia":[{"embeddable":true,"href":"https:\/\/agora.xtec.cat\/escolalavilapalamos\/wp-json\/wp\/v2\/media\/13893"}],"wp:attachment":[{"href":"https:\/\/agora.xtec.cat\/escolalavilapalamos\/wp-json\/wp\/v2\/media?parent=13885"}],"wp:term":[{"taxonomy":"category","embeddable":true,"href":"https:\/\/agora.xtec.cat\/escolalavilapalamos\/wp-json\/wp\/v2\/categories?post=13885"},{"taxonomy":"post_tag","embeddable":true,"href":"https:\/\/agora.xtec.cat\/escolalavilapalamos\/wp-json\/wp\/v2\/tags?post=13885"}],"curies":[{"name":"wp","href":"https:\/\/api.w.org\/{rel}","templated":true}]}}