{"id":13878,"date":"2023-10-18T08:47:17","date_gmt":"2023-10-18T06:47:17","guid":{"rendered":"https:\/\/agora.xtec.cat\/escolalavilapalamos\/?p=13878"},"modified":"2023-10-23T10:41:02","modified_gmt":"2023-10-23T08:41:02","slug":"6e-viatgem-per-catalunya-comarques","status":"publish","type":"post","link":"https:\/\/agora.xtec.cat\/escolalavilapalamos\/general\/6e-viatgem-per-catalunya-comarques\/","title":{"rendered":"6\u00e8 Viatgem per Catalunya  comarques"},"content":{"rendered":"<p><span style=\"font-weight: 400;\"><a href=\"https:\/\/agora.xtec.cat\/escolalavilapalamos\/wp-content\/uploads\/usu897\/2023\/10\/IMG-0503-scaled.jpg\"><img loading=\"lazy\" decoding=\"async\" class=\"alignleft size-medium wp-image-13920\" src=\"https:\/\/agora.xtec.cat\/escolalavilapalamos\/wp-content\/uploads\/usu897\/2023\/10\/IMG-0503-225x300.jpg\" alt=\"\" width=\"225\" height=\"300\" srcset=\"https:\/\/agora.xtec.cat\/escolalavilapalamos\/wp-content\/uploads\/usu897\/2023\/10\/IMG-0503-225x300.jpg 225w, https:\/\/agora.xtec.cat\/escolalavilapalamos\/wp-content\/uploads\/usu897\/2023\/10\/IMG-0503-768x1024.jpg 768w, https:\/\/agora.xtec.cat\/escolalavilapalamos\/wp-content\/uploads\/usu897\/2023\/10\/IMG-0503-1152x1536.jpg 1152w, https:\/\/agora.xtec.cat\/escolalavilapalamos\/wp-content\/uploads\/usu897\/2023\/10\/IMG-0503-1536x2048.jpg 1536w, https:\/\/agora.xtec.cat\/escolalavilapalamos\/wp-content\/uploads\/usu897\/2023\/10\/IMG-0503-scaled.jpg 1920w\" sizes=\"auto, (max-width: 225px) 100vw, 225px\" \/><\/a>6\u00e8 aquest curs Viatja per tot Catalunya!\u00a0 aprendrem\u00a0 com s\u2019organitza el territori, quin \u00e9s el seu relleu, el seu paisatge, la seva diversitat ling\u00fc\u00edstica\u2026.<\/span><\/p>\n<p style=\"text-align: left;\"><span style=\"font-weight: 400;\">Cada setmana treballarem una comarca. Descobrint\u00a0 a quina prov\u00edncia pertany, quina dist\u00e0ncia hi ha <\/span><span style=\"font-family: inherit; font-size: 1em;\">de Palam\u00f3s fins la seva capital de comarca i buscant caracter\u00edstiques que la identifiquen; com a llocs d&#8217;inter\u00e8s, monuments, plats t\u00edpics\u2026.. aquesta informaci\u00f3 quedar\u00e0 registrada en la seva guia de viatge personal. Per altra banda aprendrem a crear un sites on organitzarem la informaci\u00f3 m\u00e9s rellevant que hem <\/span><span style=\"font-weight: 400;\">treballat. Bon viatge! <\/span><\/p>\n<p><span style=\"font-weight: 400;\"><a href=\"https:\/\/photos.app.goo.gl\/EMavCucsWhW3m1t3A\">aqu\u00ed<\/a> per veure les fotografies.<\/span><\/p>\n<p>&nbsp;<\/p>\n","protected":false},"excerpt":{"rendered":"<p><a href=\"https:\/\/agora.xtec.cat\/escolalavilapalamos\/wp-content\/uploads\/usu897\/2023\/10\/IMG-0503-scaled.jpg\"><\/a>6\u00e8 aquest curs Viatja per tot Catalunya!\u00a0 aprendrem\u00a0 com s\u2019organitza el territori, quin \u00e9s el seu relleu, el seu paisatge, la seva diversitat ling\u00fc\u00edstica\u2026.<br \/>\nCada setmana treballarem una comarca. Descobrint\u00a0 a quina prov\u00edncia pertany, quina dist\u00e0ncia hi ha de Palam\u00f3s fins la seva capital de&hellip;  <a href=\"https:\/\/agora.xtec.cat\/escolalavilapalamos\/general\/6e-viatgem-per-catalunya-comarques\/\" title=\"Read 6\u00e8 Viatgem per Catalunya  comarques\">Llegeix m\u00e9s\u00bb<\/a><\/p>\n","protected":false},"author":132,"featured_media":0,"comment_status":"open","ping_status":"closed","sticky":false,"template":"","format":"standard","meta":{"_bbp_topic_count":0,"_bbp_reply_count":0,"_bbp_total_topic_count":0,"_bbp_total_reply_count":0,"_bbp_voice_count":0,"_bbp_anonymous_reply_count":0,"_bbp_topic_count_hidden":0,"_bbp_reply_count_hidden":0,"_bbp_forum_subforum_count":0,"footnotes":""},"categories":[128,1,4],"tags":[],"class_list":["post-13878","post","type-post","status-publish","format-standard","hentry","category-comunitat-de-grans","category-general","category-portada"],"post_mailing_queue_ids":[],"_links":{"self":[{"href":"https:\/\/agora.xtec.cat\/escolalavilapalamos\/wp-json\/wp\/v2\/posts\/13878","targetHints":{"allow":["GET"]}}],"collection":[{"href":"https:\/\/agora.xtec.cat\/escolalavilapalamos\/wp-json\/wp\/v2\/posts"}],"about":[{"href":"https:\/\/agora.xtec.cat\/escolalavilapalamos\/wp-json\/wp\/v2\/types\/post"}],"author":[{"embeddable":true,"href":"https:\/\/agora.xtec.cat\/escolalavilapalamos\/wp-json\/wp\/v2\/users\/132"}],"replies":[{"embeddable":true,"href":"https:\/\/agora.xtec.cat\/escolalavilapalamos\/wp-json\/wp\/v2\/comments?post=13878"}],"version-history":[{"count":6,"href":"https:\/\/agora.xtec.cat\/escolalavilapalamos\/wp-json\/wp\/v2\/posts\/13878\/revisions"}],"predecessor-version":[{"id":13923,"href":"https:\/\/agora.xtec.cat\/escolalavilapalamos\/wp-json\/wp\/v2\/posts\/13878\/revisions\/13923"}],"wp:attachment":[{"href":"https:\/\/agora.xtec.cat\/escolalavilapalamos\/wp-json\/wp\/v2\/media?parent=13878"}],"wp:term":[{"taxonomy":"category","embeddable":true,"href":"https:\/\/agora.xtec.cat\/escolalavilapalamos\/wp-json\/wp\/v2\/categories?post=13878"},{"taxonomy":"post_tag","embeddable":true,"href":"https:\/\/agora.xtec.cat\/escolalavilapalamos\/wp-json\/wp\/v2\/tags?post=13878"}],"curies":[{"name":"wp","href":"https:\/\/api.w.org\/{rel}","templated":true}]}}