{"id":13872,"date":"2023-10-17T08:34:31","date_gmt":"2023-10-17T06:34:31","guid":{"rendered":"https:\/\/agora.xtec.cat\/escolalavilapalamos\/?p=13872"},"modified":"2023-10-17T08:34:31","modified_gmt":"2023-10-17T06:34:31","slug":"i5-iniciem-el-projecte-palamos","status":"publish","type":"post","link":"https:\/\/agora.xtec.cat\/escolalavilapalamos\/general\/i5-iniciem-el-projecte-palamos\/","title":{"rendered":"I5 INICIEM EL PROJECTE &#8220;PALAM\u00d3S&#8221;"},"content":{"rendered":"<p><span style=\"font-weight: 400;\">Els infants d\u2019I5 hem iniciat el projecte Palam\u00f3s. Realitzarem diverses sortides pel poble, per descobrir racons hist\u00f2rics, espais naturals&#8230; Coneixerem llegendes i can\u00e7ons que parlen del nostre municipi \u2026 Per tal de saber m\u00e9s coses del poble on vivim.\u00a0<\/span><\/p>\n<p><a href=\"https:\/\/photos.google.com\/u\/1\/share\/AF1QipNtqhenkmSBolaXOGxiwcEcqEUFCP9RrddXPcDzeLZaihds_Ypxg84Ym1BMJqUOuQ\/memory\/AF1QipMTH6O5V4Z6Tz6-hrgy6BIUHW20ecTjsYrgPiN5nxsL_fTXPqoh8iJ_Eg5FlOxh_g?key=cWFvajdJcTYzbWg1VENYSktJV19hRzJZam8wd0F3\"><img loading=\"lazy\" decoding=\"async\" class=\"aligncenter wp-image-13873\" src=\"https:\/\/agora.xtec.cat\/escolalavilapalamos\/wp-content\/uploads\/usu897\/2023\/10\/LOGO.png\" alt=\"\" width=\"193\" height=\"131\" \/><\/a><span style=\"font-weight: 400;\">La primera sortida l\u2019hem fet al Passeig del Mar. Pots clicar la imatge per veure algunes fotografies de l&#8217;activitat.<\/span><\/p>\n","protected":false},"excerpt":{"rendered":"<p>Els infants d\u2019I5 hem iniciat el projecte Palam\u00f3s. Realitzarem diverses sortides pel poble, per descobrir racons hist\u00f2rics, espais naturals&#8230; Coneixerem llegendes i can\u00e7ons que parlen del nostre municipi \u2026 Per tal de saber m\u00e9s coses del poble on vivim.\u00a0<br \/>\n<a href=\"https:\/\/photos.google.com\/u\/1\/share\/AF1QipNtqhenkmSBolaXOGxiwcEcqEUFCP9RrddXPcDzeLZaihds_Ypxg84Ym1BMJqUOuQ\/memory\/AF1QipMTH6O5V4Z6Tz6-hrgy6BIUHW20ecTjsYrgPiN5nxsL_fTXPqoh8iJ_Eg5FlOxh_g?key=cWFvajdJcTYzbWg1VENYSktJV19hRzJZam8wd0F3\"><\/a>La primera sortida l\u2019hem fet al&hellip;  <a href=\"https:\/\/agora.xtec.cat\/escolalavilapalamos\/general\/i5-iniciem-el-projecte-palamos\/\" title=\"Read I5 INICIEM EL PROJECTE &#8220;PALAM\u00d3S&#8221;\">Llegeix m\u00e9s\u00bb<\/a><\/p>\n","protected":false},"author":128,"featured_media":0,"comment_status":"open","ping_status":"closed","sticky":false,"template":"","format":"standard","meta":{"_bbp_topic_count":0,"_bbp_reply_count":0,"_bbp_total_topic_count":0,"_bbp_total_reply_count":0,"_bbp_voice_count":0,"_bbp_anonymous_reply_count":0,"_bbp_topic_count_hidden":0,"_bbp_reply_count_hidden":0,"_bbp_forum_subforum_count":0,"footnotes":""},"categories":[2,1,4],"tags":[],"class_list":["post-13872","post","type-post","status-publish","format-standard","hentry","category-infantil","category-general","category-portada"],"post_mailing_queue_ids":[],"_links":{"self":[{"href":"https:\/\/agora.xtec.cat\/escolalavilapalamos\/wp-json\/wp\/v2\/posts\/13872","targetHints":{"allow":["GET"]}}],"collection":[{"href":"https:\/\/agora.xtec.cat\/escolalavilapalamos\/wp-json\/wp\/v2\/posts"}],"about":[{"href":"https:\/\/agora.xtec.cat\/escolalavilapalamos\/wp-json\/wp\/v2\/types\/post"}],"author":[{"embeddable":true,"href":"https:\/\/agora.xtec.cat\/escolalavilapalamos\/wp-json\/wp\/v2\/users\/128"}],"replies":[{"embeddable":true,"href":"https:\/\/agora.xtec.cat\/escolalavilapalamos\/wp-json\/wp\/v2\/comments?post=13872"}],"version-history":[{"count":4,"href":"https:\/\/agora.xtec.cat\/escolalavilapalamos\/wp-json\/wp\/v2\/posts\/13872\/revisions"}],"predecessor-version":[{"id":13877,"href":"https:\/\/agora.xtec.cat\/escolalavilapalamos\/wp-json\/wp\/v2\/posts\/13872\/revisions\/13877"}],"wp:attachment":[{"href":"https:\/\/agora.xtec.cat\/escolalavilapalamos\/wp-json\/wp\/v2\/media?parent=13872"}],"wp:term":[{"taxonomy":"category","embeddable":true,"href":"https:\/\/agora.xtec.cat\/escolalavilapalamos\/wp-json\/wp\/v2\/categories?post=13872"},{"taxonomy":"post_tag","embeddable":true,"href":"https:\/\/agora.xtec.cat\/escolalavilapalamos\/wp-json\/wp\/v2\/tags?post=13872"}],"curies":[{"name":"wp","href":"https:\/\/api.w.org\/{rel}","templated":true}]}}