{"id":13868,"date":"2025-10-07T09:29:19","date_gmt":"2025-10-07T07:29:19","guid":{"rendered":"https:\/\/agora.xtec.cat\/escolalavilapalamos\/?p=13868"},"modified":"2025-10-07T09:26:25","modified_gmt":"2025-10-07T07:26:25","slug":"fas-6-anys-tria-un-llibre-4","status":"publish","type":"post","link":"https:\/\/agora.xtec.cat\/escolalavilapalamos\/general\/fas-6-anys-tria-un-llibre-4\/","title":{"rendered":"&#8220;Fas 6 anys. Tria un llibre!&#8221;"},"content":{"rendered":"<p><a href=\"https:\/\/agora.xtec.cat\/escolalavilapalamos\/wp-content\/uploads\/usu897\/2023\/10\/F6A_CARTELL_page-0001-2.jpg\"><img loading=\"lazy\" decoding=\"async\" class=\"size-medium wp-image-15967 alignleft\" src=\"https:\/\/agora.xtec.cat\/escolalavilapalamos\/wp-content\/uploads\/usu897\/2023\/10\/F6A_CARTELL_page-0001-2-212x300.jpg\" alt=\"\" width=\"212\" height=\"300\" srcset=\"https:\/\/agora.xtec.cat\/escolalavilapalamos\/wp-content\/uploads\/usu897\/2023\/10\/F6A_CARTELL_page-0001-2-212x300.jpg 212w, https:\/\/agora.xtec.cat\/escolalavilapalamos\/wp-content\/uploads\/usu897\/2023\/10\/F6A_CARTELL_page-0001-2-724x1024.jpg 724w, https:\/\/agora.xtec.cat\/escolalavilapalamos\/wp-content\/uploads\/usu897\/2023\/10\/F6A_CARTELL_page-0001-2-768x1086.jpg 768w, https:\/\/agora.xtec.cat\/escolalavilapalamos\/wp-content\/uploads\/usu897\/2023\/10\/F6A_CARTELL_page-0001-2-1086x1536.jpg 1086w, https:\/\/agora.xtec.cat\/escolalavilapalamos\/wp-content\/uploads\/usu897\/2023\/10\/F6A_CARTELL_page-0001-2-1448x2048.jpg 1448w, https:\/\/agora.xtec.cat\/escolalavilapalamos\/wp-content\/uploads\/usu897\/2023\/10\/F6A_CARTELL_page-0001-2.jpg 1754w\" sizes=\"auto, (max-width: 212px) 100vw, 212px\" \/><\/a><\/p>\n<h3><strong>&#8216;Fas 6 anys. Tria un llibre&#8217;<\/strong>\u00a0\u00e9s una campanya que t\u00e9 com a objectius que els infants descobreixin les llibreries amb un adult, i que aprenguin a donar valor al llibre. Aquest any 2025 arribar\u00e0 a m\u00e9s de 66.000 infants de Catalunya que podran anar a 535 llibreries de tot el territori.<\/h3>\n<p>Tots els infants que aquest 2025 fan 6 anys, independentment de la data del seu aniversari, rebran una carta personalitzada al seu domicili. Amb un adult, podran anar a qualsevol de les llibreries adherides a la campanya (veure llistat) i triar el llibre que m\u00e9s els hi agradi.<\/p>\n<p><em>En el seg\u00fcent enlla\u00e7 trobareu tota la informaci\u00f3 necess\u00e0ria aix\u00ed com el llistat de llibreries adherides.<\/em><\/p>\n<p style=\"text-align: center;\"><a href=\"https:\/\/icec.gencat.cat\/ca\/campanyes\/fas-6-anys\/index.html\"><em>FAS 6 ANYS, TRIA UN LLIBRE<\/em><\/a><\/p>\n<p>&nbsp;<\/p>\n","protected":false},"excerpt":{"rendered":"<p><a href=\"https:\/\/agora.xtec.cat\/escolalavilapalamos\/wp-content\/uploads\/usu897\/2023\/10\/F6A_CARTELL_page-0001-2.jpg\"><\/a><br \/>\n&#8216;Fas 6 anys. Tria un llibre&#8217;\u00a0\u00e9s una campanya que t\u00e9 com a objectius que els infants descobreixin les llibreries amb un adult, i que aprenguin a donar valor al llibre. Aquest any 2025 arribar\u00e0 a m\u00e9s de 66.000 infants de Catalunya que podran anar&hellip;  <a href=\"https:\/\/agora.xtec.cat\/escolalavilapalamos\/general\/fas-6-anys-tria-un-llibre-4\/\" title=\"Read &#8220;Fas 6 anys. Tria un llibre!&#8221;\">Llegeix m\u00e9s\u00bb<\/a><\/p>\n","protected":false},"author":1,"featured_media":0,"comment_status":"open","ping_status":"closed","sticky":false,"template":"","format":"standard","meta":{"_bbp_topic_count":0,"_bbp_reply_count":0,"_bbp_total_topic_count":0,"_bbp_total_reply_count":0,"_bbp_voice_count":0,"_bbp_anonymous_reply_count":0,"_bbp_topic_count_hidden":0,"_bbp_reply_count_hidden":0,"_bbp_forum_subforum_count":0,"footnotes":""},"categories":[127,1,138,4],"tags":[],"class_list":["post-13868","post","type-post","status-publish","format-standard","hentry","category-comunitat-de-mitjans","category-general","category-notices-a-la-web","category-portada"],"post_mailing_queue_ids":[],"_links":{"self":[{"href":"https:\/\/agora.xtec.cat\/escolalavilapalamos\/wp-json\/wp\/v2\/posts\/13868","targetHints":{"allow":["GET"]}}],"collection":[{"href":"https:\/\/agora.xtec.cat\/escolalavilapalamos\/wp-json\/wp\/v2\/posts"}],"about":[{"href":"https:\/\/agora.xtec.cat\/escolalavilapalamos\/wp-json\/wp\/v2\/types\/post"}],"author":[{"embeddable":true,"href":"https:\/\/agora.xtec.cat\/escolalavilapalamos\/wp-json\/wp\/v2\/users\/1"}],"replies":[{"embeddable":true,"href":"https:\/\/agora.xtec.cat\/escolalavilapalamos\/wp-json\/wp\/v2\/comments?post=13868"}],"version-history":[{"count":3,"href":"https:\/\/agora.xtec.cat\/escolalavilapalamos\/wp-json\/wp\/v2\/posts\/13868\/revisions"}],"predecessor-version":[{"id":15969,"href":"https:\/\/agora.xtec.cat\/escolalavilapalamos\/wp-json\/wp\/v2\/posts\/13868\/revisions\/15969"}],"wp:attachment":[{"href":"https:\/\/agora.xtec.cat\/escolalavilapalamos\/wp-json\/wp\/v2\/media?parent=13868"}],"wp:term":[{"taxonomy":"category","embeddable":true,"href":"https:\/\/agora.xtec.cat\/escolalavilapalamos\/wp-json\/wp\/v2\/categories?post=13868"},{"taxonomy":"post_tag","embeddable":true,"href":"https:\/\/agora.xtec.cat\/escolalavilapalamos\/wp-json\/wp\/v2\/tags?post=13868"}],"curies":[{"name":"wp","href":"https:\/\/api.w.org\/{rel}","templated":true}]}}