{"id":13857,"date":"2023-09-20T10:01:54","date_gmt":"2023-09-20T08:01:54","guid":{"rendered":"https:\/\/agora.xtec.cat\/escolalavilapalamos\/?p=13857"},"modified":"2023-09-21T17:50:35","modified_gmt":"2023-09-21T15:50:35","slug":"bon-inici-de-curs-23-24","status":"publish","type":"post","link":"https:\/\/agora.xtec.cat\/escolalavilapalamos\/general\/bon-inici-de-curs-23-24\/","title":{"rendered":"Bon inici de curs 23-24!"},"content":{"rendered":"<p>Ja han passat dues setmanes des del primer dia d&#8217;Escola! Aix\u00f2 significa que des fa uns dies, els espais de La Vila s&#8217;han tornat a omplir de somriures, innoc\u00e8ncia, aprenentatges, complicitat&#8230;<\/p>\n<p>Ens fa il\u00b7lusi\u00f3 compartir amb totes i tots vosaltres un v\u00eddeo molt especial en el que es veu l&#8217;arribada dels infants tant d&#8217;infantil com de prim\u00e0ria!<\/p>\n<p>Desitjant que el gaudiu,<\/p>\n<p><iframe loading=\"lazy\" title=\"Inici de curs 2023-2024\" width=\"500\" height=\"281\" src=\"https:\/\/www.youtube.com\/embed\/AaMlsLV3DTA?feature=oembed\" frameborder=\"0\" allow=\"accelerometer; autoplay; clipboard-write; encrypted-media; gyroscope; picture-in-picture; web-share\" referrerpolicy=\"strict-origin-when-cross-origin\" allowfullscreen><\/iframe><\/p>\n<p style=\"text-align: right;\"><em>M\u00fasica: Xiula. L&#8217;escola que volem<\/em><\/p>\n","protected":false},"excerpt":{"rendered":"<p>Ja han passat dues setmanes des del primer dia d&#8217;Escola! Aix\u00f2 significa que des fa uns dies, els espais de La Vila s&#8217;han tornat a omplir de somriures, innoc\u00e8ncia, aprenentatges, complicitat&#8230;<br \/>\nEns fa il\u00b7lusi\u00f3 compartir amb totes i tots vosaltres un v\u00eddeo molt especial en el&hellip;  <a href=\"https:\/\/agora.xtec.cat\/escolalavilapalamos\/general\/bon-inici-de-curs-23-24\/\" title=\"Read Bon inici de curs 23-24!\">Llegeix m\u00e9s\u00bb<\/a><\/p>\n","protected":false},"author":1,"featured_media":0,"comment_status":"open","ping_status":"closed","sticky":false,"template":"","format":"standard","meta":{"_bbp_topic_count":0,"_bbp_reply_count":0,"_bbp_total_topic_count":0,"_bbp_total_reply_count":0,"_bbp_voice_count":0,"_bbp_anonymous_reply_count":0,"_bbp_topic_count_hidden":0,"_bbp_reply_count_hidden":0,"_bbp_forum_subforum_count":0,"footnotes":""},"categories":[128,127,2,1,4],"tags":[],"class_list":["post-13857","post","type-post","status-publish","format-standard","hentry","category-comunitat-de-grans","category-comunitat-de-mitjans","category-infantil","category-general","category-portada"],"post_mailing_queue_ids":[],"_links":{"self":[{"href":"https:\/\/agora.xtec.cat\/escolalavilapalamos\/wp-json\/wp\/v2\/posts\/13857","targetHints":{"allow":["GET"]}}],"collection":[{"href":"https:\/\/agora.xtec.cat\/escolalavilapalamos\/wp-json\/wp\/v2\/posts"}],"about":[{"href":"https:\/\/agora.xtec.cat\/escolalavilapalamos\/wp-json\/wp\/v2\/types\/post"}],"author":[{"embeddable":true,"href":"https:\/\/agora.xtec.cat\/escolalavilapalamos\/wp-json\/wp\/v2\/users\/1"}],"replies":[{"embeddable":true,"href":"https:\/\/agora.xtec.cat\/escolalavilapalamos\/wp-json\/wp\/v2\/comments?post=13857"}],"version-history":[{"count":1,"href":"https:\/\/agora.xtec.cat\/escolalavilapalamos\/wp-json\/wp\/v2\/posts\/13857\/revisions"}],"predecessor-version":[{"id":13858,"href":"https:\/\/agora.xtec.cat\/escolalavilapalamos\/wp-json\/wp\/v2\/posts\/13857\/revisions\/13858"}],"wp:attachment":[{"href":"https:\/\/agora.xtec.cat\/escolalavilapalamos\/wp-json\/wp\/v2\/media?parent=13857"}],"wp:term":[{"taxonomy":"category","embeddable":true,"href":"https:\/\/agora.xtec.cat\/escolalavilapalamos\/wp-json\/wp\/v2\/categories?post=13857"},{"taxonomy":"post_tag","embeddable":true,"href":"https:\/\/agora.xtec.cat\/escolalavilapalamos\/wp-json\/wp\/v2\/tags?post=13857"}],"curies":[{"name":"wp","href":"https:\/\/api.w.org\/{rel}","templated":true}]}}