{"id":13837,"date":"2023-09-14T11:44:32","date_gmt":"2023-09-14T09:44:32","guid":{"rendered":"https:\/\/agora.xtec.cat\/escolalavilapalamos\/?p=13837"},"modified":"2023-09-19T20:27:00","modified_gmt":"2023-09-19T18:27:00","slug":"a-2n-anem-a-piscina","status":"publish","type":"post","link":"https:\/\/agora.xtec.cat\/escolalavilapalamos\/general\/a-2n-anem-a-piscina\/","title":{"rendered":"A 2n anem a piscina!"},"content":{"rendered":"<p>Dins l\u2019\u00e0rea de l\u2019educaci\u00f3 f\u00edsica de la comunitat de mitjans \u00e9s molt important\u00a0<strong>aprendre a nedar<\/strong>.<\/p>\n<p><img loading=\"lazy\" decoding=\"async\" class=\"wp-image-539 aligncenter\" src=\"https:\/\/agora.xtec.cat\/escolalavilapalamos\/wp-content\/uploads\/usu897\/2017\/01\/12520-molestias-de-los-oidos-en-piscina-300x167.jpg\" alt=\"\" width=\"383\" height=\"213\" srcset=\"https:\/\/agora.xtec.cat\/escolalavilapalamos\/wp-content\/uploads\/usu897\/2017\/01\/12520-molestias-de-los-oidos-en-piscina-300x167.jpg 300w, https:\/\/agora.xtec.cat\/escolalavilapalamos\/wp-content\/uploads\/usu897\/2017\/01\/12520-molestias-de-los-oidos-en-piscina-768x427.jpg 768w, https:\/\/agora.xtec.cat\/escolalavilapalamos\/wp-content\/uploads\/usu897\/2017\/01\/12520-molestias-de-los-oidos-en-piscina-1024x569.jpg 1024w\" sizes=\"auto, (max-width: 383px) 100vw, 383px\" \/><\/p>\n<p>&nbsp;<\/p>\n<p>Els\/les alumnes de 2n aniran a la Piscina Mancomunada Mes Gavarres els dilluns al mat\u00ed, del 18 de setembre al 20 de novembre de 2023.<\/p>\n<p>Tota la informaci\u00f3 referent al material i calendari de sessions la trobareu a la circular que us la podeu descarregar a:<\/p>\n<p><a href=\"https:\/\/drive.google.com\/file\/d\/1OQmmeoxRD8VO5Vh7lq-UkRMTYiOkhFTp\/view?usp=sharing\">Circular i autoritzaci\u00f3 de piscina de 2n.<\/a><\/p>\n<p><strong>Heu de retornar l\u2019autoritzaci\u00f3 abans del 15 de setembre.<\/strong><\/p>\n<p>El primer dia de l\u2019activitat tots els\/les alumnes fan una prova de nivell a la piscina petita (on fan peu) i d\u2019aqu\u00ed fan els grups. Hi ha 4 grups amb 4 monitors m\u00e9s el socorrista. Normalment surten 2 grups que fan l\u2019activitat a la piscina petita (de nivell baix) i 2 que van a la gran (nivell alt) on tenen reservat 2 carrils (els 2 de les cantonades).<\/p>\n<p>Aquesta \u00e9s una activitat subvencionada per:<\/p>\n<p><img loading=\"lazy\" decoding=\"async\" class=\"alignnone\" src=\"https:\/\/lh3.googleusercontent.com\/ATWDg1Tdm7GxuhbD3jkq_OGhdStbOw4tvQwVbd01oyOfglkccgcgAcqvolJaMJzwqeOoz7paqXn6MepejfDoOcps2EE_owtStLE0bFLoy3uLj_hfSymS6NQFxSp5MHmSWwGlnwe_KBfk7zsVcbcyG-qVhFPzKNd53y7dkQDHsuFeObphNIzUEMXNwTxMZxxIW3QjuAMEe1mMl9vwGNktG9dw-VWxxm1Dk5P7rcBMK3ctQny3Q9yMi8WoBhaMkHSD5kpmA9B1DA1C8RxoLAOzwblrvxo5coQ_ayD9zuU8B_Ta5pwjEfEex1imfgL4bTcyZfF7qw4z3KAISkjdx7F00DqprRyqRggP7DvWEyia8yVVzDks08dwgVWWl9li3fInuASqTZT0MBB53GjD4vn-MNOHVVZlCPAVL_svVZhJRlhi1DINLUBGswsPYrFF0FxbD0aWulnZoc0pX0xQ2_2Ndea_VwtHPiS0GiQqqU6_ecXZeZJVKw8CaCsqTTS4sTcA74ebg_dednR-6l4dc6egoob7mHZaTF-jPuxosS18c2pM258R-c7w5XxyIsjOF3LrYB-hYewVbv103UTsTb0a-fZf4dvIX9GjuKqoKhORxX2cCHpxC7Z0yubMNiohxBoOHhydt3ZF8LJHwlIpqNH_Qa23j2XE0a-oJjTEKdeJ2A=w162-h185-no\" width=\"106\" height=\"121\" \/><img loading=\"lazy\" decoding=\"async\" class=\"alignleft wp-image-10679\" src=\"https:\/\/agora.xtec.cat\/escolalavilapalamos\/wp-content\/uploads\/usu897\/2021\/12\/baixa.jpg\" alt=\"\" width=\"140\" height=\"140\" srcset=\"https:\/\/agora.xtec.cat\/escolalavilapalamos\/wp-content\/uploads\/usu897\/2021\/12\/baixa.jpg 180w, https:\/\/agora.xtec.cat\/escolalavilapalamos\/wp-content\/uploads\/usu897\/2021\/12\/baixa-150x150.jpg 150w\" sizes=\"auto, (max-width: 140px) 100vw, 140px\" \/><img loading=\"lazy\" decoding=\"async\" class=\"wp-image-2204 alignleft\" src=\"http:\/\/agora.xtec.cat\/escolalavilapalamos\/wp-content\/uploads\/usu897\/2017\/01\/marca_diputacio_apaisada-1024x382.jpg\" alt=\"\" width=\"294\" height=\"110\" srcset=\"https:\/\/agora.xtec.cat\/escolalavilapalamos\/wp-content\/uploads\/usu897\/2017\/01\/marca_diputacio_apaisada-1024x382.jpg 1024w, https:\/\/agora.xtec.cat\/escolalavilapalamos\/wp-content\/uploads\/usu897\/2017\/01\/marca_diputacio_apaisada-300x112.jpg 300w, https:\/\/agora.xtec.cat\/escolalavilapalamos\/wp-content\/uploads\/usu897\/2017\/01\/marca_diputacio_apaisada-768x286.jpg 768w\" sizes=\"auto, (max-width: 294px) 100vw, 294px\" \/><\/p>\n","protected":false},"excerpt":{"rendered":"<p>Dins l\u2019\u00e0rea de l\u2019educaci\u00f3 f\u00edsica de la comunitat de mitjans \u00e9s molt important\u00a0aprendre a nedar.<\/p>\n<p>&nbsp;<br \/>\nEls\/les alumnes de 2n aniran a la Piscina Mancomunada Mes Gavarres els dilluns al mat\u00ed, del 18 de setembre al 20 de novembre de 2023.<br \/>\nTota la informaci\u00f3 referent al material i&hellip;  <a href=\"https:\/\/agora.xtec.cat\/escolalavilapalamos\/general\/a-2n-anem-a-piscina\/\" title=\"Read A 2n anem a piscina!\">Llegeix m\u00e9s\u00bb<\/a><\/p>\n","protected":false},"author":167,"featured_media":0,"comment_status":"open","ping_status":"closed","sticky":false,"template":"","format":"standard","meta":{"_bbp_topic_count":0,"_bbp_reply_count":0,"_bbp_total_topic_count":0,"_bbp_total_reply_count":0,"_bbp_voice_count":0,"_bbp_anonymous_reply_count":0,"_bbp_topic_count_hidden":0,"_bbp_reply_count_hidden":0,"_bbp_forum_subforum_count":0,"footnotes":""},"categories":[127,1,4],"tags":[],"class_list":["post-13837","post","type-post","status-publish","format-standard","hentry","category-comunitat-de-mitjans","category-general","category-portada"],"post_mailing_queue_ids":[],"_links":{"self":[{"href":"https:\/\/agora.xtec.cat\/escolalavilapalamos\/wp-json\/wp\/v2\/posts\/13837","targetHints":{"allow":["GET"]}}],"collection":[{"href":"https:\/\/agora.xtec.cat\/escolalavilapalamos\/wp-json\/wp\/v2\/posts"}],"about":[{"href":"https:\/\/agora.xtec.cat\/escolalavilapalamos\/wp-json\/wp\/v2\/types\/post"}],"author":[{"embeddable":true,"href":"https:\/\/agora.xtec.cat\/escolalavilapalamos\/wp-json\/wp\/v2\/users\/167"}],"replies":[{"embeddable":true,"href":"https:\/\/agora.xtec.cat\/escolalavilapalamos\/wp-json\/wp\/v2\/comments?post=13837"}],"version-history":[{"count":3,"href":"https:\/\/agora.xtec.cat\/escolalavilapalamos\/wp-json\/wp\/v2\/posts\/13837\/revisions"}],"predecessor-version":[{"id":13848,"href":"https:\/\/agora.xtec.cat\/escolalavilapalamos\/wp-json\/wp\/v2\/posts\/13837\/revisions\/13848"}],"wp:attachment":[{"href":"https:\/\/agora.xtec.cat\/escolalavilapalamos\/wp-json\/wp\/v2\/media?parent=13837"}],"wp:term":[{"taxonomy":"category","embeddable":true,"href":"https:\/\/agora.xtec.cat\/escolalavilapalamos\/wp-json\/wp\/v2\/categories?post=13837"},{"taxonomy":"post_tag","embeddable":true,"href":"https:\/\/agora.xtec.cat\/escolalavilapalamos\/wp-json\/wp\/v2\/tags?post=13837"}],"curies":[{"name":"wp","href":"https:\/\/api.w.org\/{rel}","templated":true}]}}