{"id":1381,"date":"2019-05-22T10:26:30","date_gmt":"2019-05-22T08:26:30","guid":{"rendered":"http:\/\/agora.xtec.cat\/escolalavilapalamos\/?p=1381"},"modified":"2019-05-29T16:27:46","modified_gmt":"2019-05-29T14:27:46","slug":"la-nostra-escola-te-85-anys","status":"publish","type":"post","link":"https:\/\/agora.xtec.cat\/escolalavilapalamos\/general\/la-nostra-escola-te-85-anys\/","title":{"rendered":"La nostra escola t\u00e9 85 anys"},"content":{"rendered":"<p><img loading=\"lazy\" decoding=\"async\" class=\"aligncenter\" src=\"https:\/\/4.bp.blogspot.com\/-rhCVxeerIlk\/VzyIY_BUqMI\/AAAAAAAAA4w\/atdZYpYnrJk-4gm_wI1NPPYOoRudsjCgACLcB\/s400\/T023.%2BGIMNASIA%2BRITMADA.%2BLA%2BBERNOISE%252C%2B9-7-1936.jpg\" width=\"314\" height=\"232\" \/>El dimarts 28 i dimecres 29 de maig els\/les alumnes de 6\u00e8<strong>\u00a0<\/strong>realitzen l&#8217;activitat\u00a0<em>La nostra escola t\u00e9 85 anys<\/em>.<\/p>\n<p>A trav\u00e9s d&#8217;aquesta activitat la Carme Adroher de l&#8217;Arxiu Municipal de Palam\u00f3s fa un rep\u00e0s de la hist\u00f2ria del nostre centre. Altres anys es visitava el refugi antiaeri de la guerra civil que hi ha al centre, per\u00f2 en aquests moments no es pot entrar perqu\u00e8 hi ha despreniments a causa de la pluja.<\/p>\n<p>Per m\u00e9s informaci\u00f3 de la feina de l&#8217;\u00a0<a href=\"http:\/\/www.palamos.cat\/palamos\/ajuntament\/punts.aspx?punt=p25\">Arxiu Municipal<\/a>\u00a0podeu consultar-hi a la web.<\/p>\n","protected":false},"excerpt":{"rendered":"<p>El dimarts 28 i dimecres 29 de maig els\/les alumnes de 6\u00e8\u00a0realitzen l&#8217;activitat\u00a0La nostra escola t\u00e9 85 anys.<br \/>\nA trav\u00e9s d&#8217;aquesta activitat la Carme Adroher de l&#8217;Arxiu Municipal de Palam\u00f3s fa un rep\u00e0s de la hist\u00f2ria del nostre centre. Altres anys es visitava el refugi antiaeri&hellip;  <a href=\"https:\/\/agora.xtec.cat\/escolalavilapalamos\/general\/la-nostra-escola-te-85-anys\/\" title=\"Read La nostra escola t\u00e9 85 anys\">Llegeix m\u00e9s\u00bb<\/a><\/p>\n","protected":false},"author":1,"featured_media":0,"comment_status":"open","ping_status":"closed","sticky":false,"template":"","format":"standard","meta":{"_bbp_topic_count":0,"_bbp_reply_count":0,"_bbp_total_topic_count":0,"_bbp_total_reply_count":0,"_bbp_voice_count":0,"_bbp_anonymous_reply_count":0,"_bbp_topic_count_hidden":0,"_bbp_reply_count_hidden":0,"_bbp_forum_subforum_count":0,"footnotes":""},"categories":[15,1,4,5],"tags":[],"class_list":["post-1381","post","type-post","status-publish","format-standard","hentry","category-6e","category-general","category-portada","category-primaria"],"post_mailing_queue_ids":[],"_links":{"self":[{"href":"https:\/\/agora.xtec.cat\/escolalavilapalamos\/wp-json\/wp\/v2\/posts\/1381","targetHints":{"allow":["GET"]}}],"collection":[{"href":"https:\/\/agora.xtec.cat\/escolalavilapalamos\/wp-json\/wp\/v2\/posts"}],"about":[{"href":"https:\/\/agora.xtec.cat\/escolalavilapalamos\/wp-json\/wp\/v2\/types\/post"}],"author":[{"embeddable":true,"href":"https:\/\/agora.xtec.cat\/escolalavilapalamos\/wp-json\/wp\/v2\/users\/1"}],"replies":[{"embeddable":true,"href":"https:\/\/agora.xtec.cat\/escolalavilapalamos\/wp-json\/wp\/v2\/comments?post=1381"}],"version-history":[{"count":4,"href":"https:\/\/agora.xtec.cat\/escolalavilapalamos\/wp-json\/wp\/v2\/posts\/1381\/revisions"}],"predecessor-version":[{"id":6004,"href":"https:\/\/agora.xtec.cat\/escolalavilapalamos\/wp-json\/wp\/v2\/posts\/1381\/revisions\/6004"}],"wp:attachment":[{"href":"https:\/\/agora.xtec.cat\/escolalavilapalamos\/wp-json\/wp\/v2\/media?parent=1381"}],"wp:term":[{"taxonomy":"category","embeddable":true,"href":"https:\/\/agora.xtec.cat\/escolalavilapalamos\/wp-json\/wp\/v2\/categories?post=1381"},{"taxonomy":"post_tag","embeddable":true,"href":"https:\/\/agora.xtec.cat\/escolalavilapalamos\/wp-json\/wp\/v2\/tags?post=1381"}],"curies":[{"name":"wp","href":"https:\/\/api.w.org\/{rel}","templated":true}]}}