{"id":13790,"date":"2023-06-18T14:07:19","date_gmt":"2023-06-18T12:07:19","guid":{"rendered":"https:\/\/agora.xtec.cat\/escolalavilapalamos\/?p=13790"},"modified":"2023-07-04T14:08:16","modified_gmt":"2023-07-04T12:08:16","slug":"periode-de-matricula-curs-23-24","status":"publish","type":"post","link":"https:\/\/agora.xtec.cat\/escolalavilapalamos\/general\/periode-de-matricula-curs-23-24\/","title":{"rendered":"Per\u00edode de matr\u00edcula curs 23-24"},"content":{"rendered":"<p>D<img loading=\"lazy\" decoding=\"async\" class=\" wp-image-1671 alignright\" src=\"http:\/\/agora.xtec.cat\/escolalavilapalamos\/wp-content\/uploads\/usu897\/2014\/10\/matricula.jpg\" sizes=\"auto, (max-width: 248px) 100vw, 248px\" srcset=\"https:\/\/agora.xtec.cat\/escolalavilapalamos\/wp-content\/uploads\/usu897\/2014\/10\/matricula.jpg 320w, https:\/\/agora.xtec.cat\/escolalavilapalamos\/wp-content\/uploads\/usu897\/2014\/10\/matricula-294x300.jpg 294w\" alt=\"matricula\" width=\"248\" height=\"253\" \/>el\u00a0<strong>dimarts 20 al dimecres 28 de juny<\/strong> s\u2019obre el per\u00edode per formalitzar la\u00a0<strong>matr\u00edcula dels alumnes d\u2019educaci\u00f3 infantil i prim\u00e0ria pel curs 2023-24. <\/strong>Cal que consulteu la llista d\u2019admesos del per\u00edode de la preinscripci\u00f3 que trobareu penjada aqu\u00ed i al taulell d\u2019anuncis de l\u2019escola, per saber si podeu matricular el nen\/a. <strong>La llista d\u2019admesos es penja el dilluns 12 de juny.<\/strong><\/p>\n<p>Els alumnes que no formalitzen la matr\u00edcula en el per\u00edode establert <strong>es considera que renuncien a la pla\u00e7a adjudicada.<\/strong><\/p>\n<p>Tota\u00a0<strong>la documentaci\u00f3<\/strong> per la matr\u00edcula us la podeu descarregar aqu\u00ed. <a href=\"https:\/\/drive.google.com\/file\/d\/1XeCwpOwtL0tVgH-46IV8oK8hnlsEhQAi\/view?usp=sharing\">Nota informativa<\/a><\/p>\n<p><a href=\"https:\/\/drive.google.com\/drive\/folders\/1HfwOMLXmxxV5Djdjkv1VrEeJTzKgpFKP?usp=sharing\">Aqu\u00ed trobareu tota la documentaci\u00f3<\/a> per formalitzar la matr\u00edcula (documents per separat)<\/p>\n<p><a href=\"https:\/\/drive.google.com\/file\/d\/1ss77OWLiy76ylN1NdxyctfE9ioSEho0B\/view?usp=sharing\">Quotes d\u2019inici de curs per alumnes nous del curs 23-24<\/a>. <em>Les fam\u00edlies vulnerables estan exemptes del pagament de quotes, xandall, excursions i AMPA. <\/em><strong><br \/>\n<\/strong><\/p>\n<p><a href=\"https:\/\/drive.google.com\/file\/d\/1-mcj0Jo29PPAmMFzsesczbfU6LKrr-1p\/view?usp=sharing\">Quota de l&#8217; AMPA. Curs 23-24<\/a>.\u00a0 <a href=\"https:\/\/drive.google.com\/file\/d\/1gQdD06N4cSDKweKsPbhkYTNDBC8Ufh9Y\/view?usp=sharing\">Informaci\u00f3 per participar a l&#8217; AMPA<\/a><\/p>\n<p><strong>Podeu recollir i presentar la documentaci\u00f3 per formalitzar la matr\u00edcula a la secretaria de l&#8217;escola. Horari de 8:30 a 14h<br \/>\n<\/strong><\/p>\n<p>S\u2019ha de fer arribar a l\u2019escola <strong>el document de matr\u00edcula<\/strong>, <strong>fotoc\u00f2pia del llibre de vacunes, la targeta sanit\u00e0ria i una fotografia<\/strong> mida carnet del\/de la vostre\/a fill\/a.<\/p>\n<p><a href=\"https:\/\/drive.google.com\/file\/d\/1ny54miHIFCUKib96e9z5CwgjZ76DiOpq\/view?usp=sharing\">Llistat d&#8217;alumnes admesos a l&#8217;Escola La Vila<\/a><\/p>\n<p><a href=\"https:\/\/drive.google.com\/file\/d\/1_yZHd_Zhu_-e7MjsqxDz1L3uyih28TcK\/view?usp=sharing\">Llista d&#8217;alumnes en llista d&#8217;espera<\/a><\/p>\n<p><a href=\"https:\/\/drive.google.com\/file\/d\/15B9DgT1INlCnWAzHOR2ySf_uKlIDUb1f\/view?usp=sharing\">Llistat d&#8217;alumnes amb centre assignat que van presentar preinscripci\u00f3 a l&#8217;escola<\/a><\/p>\n<p>Es pot presentar una reclamaci\u00f3 a la llista d\u2019admesos a la Comissi\u00f3 de Garanties del proc\u00e9s de preinscripci\u00f3 de Palam\u00f3s. Per fer la reclamaci\u00f3 s\u2019ha d\u2019omplir el full de reclamaci\u00f3 i presentar-lo a la secretaria o b\u00e9 enviar-lo a l\u2019escola al correu <a href=\"mailto:b7002569@xtec.cat\"><strong>b7002569@xtec.cat<\/strong><\/a><\/p>\n<p>Per <strong>reclamacions a la comissi\u00f3 de garanties<\/strong> sobre el proc\u00e9s d&#8217;admissi\u00f3 d&#8217;alumnes cal trucar al tel\u00e8fon: 972 31 87 02 o b\u00e9 escriure a:\u00a0 <a href=\"mailto:ensenyament@palamos.cat\">ensenyament@palamos.cat <\/a>especificant el nom i cognom de l&#8217;alumne\/a i el tel\u00e8fon.<\/p>\n<p>M\u00e9s informaci\u00f3 a la\u00a0<a href=\"http:\/\/queestudiar.gencat.cat\/ca\/preinscripcio\/estudis\/obligatoris\/matricula\/\">web del Departament d\u2019Ensenyament<\/a>.<\/p>\n","protected":false},"excerpt":{"rendered":"<p>Del\u00a0dimarts 20 al dimecres 28 de juny s\u2019obre el per\u00edode per formalitzar la\u00a0matr\u00edcula dels alumnes d\u2019educaci\u00f3 infantil i prim\u00e0ria pel curs 2023-24. Cal que consulteu la llista d\u2019admesos del per\u00edode de la preinscripci\u00f3 que trobareu penjada aqu\u00ed i al taulell d\u2019anuncis de l\u2019escola, per saber&hellip;  <a href=\"https:\/\/agora.xtec.cat\/escolalavilapalamos\/general\/periode-de-matricula-curs-23-24\/\" title=\"Read Per\u00edode de matr\u00edcula curs 23-24\">Llegeix m\u00e9s\u00bb<\/a><\/p>\n","protected":false},"author":1,"featured_media":1671,"comment_status":"open","ping_status":"closed","sticky":false,"template":"","format":"standard","meta":{"_bbp_topic_count":0,"_bbp_reply_count":0,"_bbp_total_topic_count":0,"_bbp_total_reply_count":0,"_bbp_voice_count":0,"_bbp_anonymous_reply_count":0,"_bbp_topic_count_hidden":0,"_bbp_reply_count_hidden":0,"_bbp_forum_subforum_count":0,"footnotes":""},"categories":[1,4],"tags":[],"class_list":["post-13790","post","type-post","status-publish","format-standard","has-post-thumbnail","hentry","category-general","category-portada"],"post_mailing_queue_ids":[],"_links":{"self":[{"href":"https:\/\/agora.xtec.cat\/escolalavilapalamos\/wp-json\/wp\/v2\/posts\/13790","targetHints":{"allow":["GET"]}}],"collection":[{"href":"https:\/\/agora.xtec.cat\/escolalavilapalamos\/wp-json\/wp\/v2\/posts"}],"about":[{"href":"https:\/\/agora.xtec.cat\/escolalavilapalamos\/wp-json\/wp\/v2\/types\/post"}],"author":[{"embeddable":true,"href":"https:\/\/agora.xtec.cat\/escolalavilapalamos\/wp-json\/wp\/v2\/users\/1"}],"replies":[{"embeddable":true,"href":"https:\/\/agora.xtec.cat\/escolalavilapalamos\/wp-json\/wp\/v2\/comments?post=13790"}],"version-history":[{"count":2,"href":"https:\/\/agora.xtec.cat\/escolalavilapalamos\/wp-json\/wp\/v2\/posts\/13790\/revisions"}],"predecessor-version":[{"id":13792,"href":"https:\/\/agora.xtec.cat\/escolalavilapalamos\/wp-json\/wp\/v2\/posts\/13790\/revisions\/13792"}],"wp:featuredmedia":[{"embeddable":true,"href":"https:\/\/agora.xtec.cat\/escolalavilapalamos\/wp-json\/wp\/v2\/media\/1671"}],"wp:attachment":[{"href":"https:\/\/agora.xtec.cat\/escolalavilapalamos\/wp-json\/wp\/v2\/media?parent=13790"}],"wp:term":[{"taxonomy":"category","embeddable":true,"href":"https:\/\/agora.xtec.cat\/escolalavilapalamos\/wp-json\/wp\/v2\/categories?post=13790"},{"taxonomy":"post_tag","embeddable":true,"href":"https:\/\/agora.xtec.cat\/escolalavilapalamos\/wp-json\/wp\/v2\/tags?post=13790"}],"curies":[{"name":"wp","href":"https:\/\/api.w.org\/{rel}","templated":true}]}}