{"id":13787,"date":"2023-06-30T14:06:35","date_gmt":"2023-06-30T12:06:35","guid":{"rendered":"https:\/\/agora.xtec.cat\/escolalavilapalamos\/?p=13787"},"modified":"2023-06-30T18:07:11","modified_gmt":"2023-06-30T16:07:11","slug":"val-escolar-de-100e-pels-alumnes-de-primaria","status":"publish","type":"post","link":"https:\/\/agora.xtec.cat\/escolalavilapalamos\/general\/val-escolar-de-100e-pels-alumnes-de-primaria\/","title":{"rendered":"Val escolar de 100\u20ac pels alumnes de Prim\u00e0ria"},"content":{"rendered":"<div class=\"xdj266r x11i5rnm xat24cr x1mh8g0r x1vvkbs x126k92a\">\n<p dir=\"auto\"><img loading=\"lazy\" decoding=\"async\" class=\"size-medium wp-image-13788 alignright\" src=\"https:\/\/agora.xtec.cat\/escolalavilapalamos\/wp-content\/uploads\/usu897\/2023\/06\/20230619_val.png_340208011-300x300.png\" alt=\"\" width=\"300\" height=\"300\" srcset=\"https:\/\/agora.xtec.cat\/escolalavilapalamos\/wp-content\/uploads\/usu897\/2023\/06\/20230619_val.png_340208011-300x300.png 300w, https:\/\/agora.xtec.cat\/escolalavilapalamos\/wp-content\/uploads\/usu897\/2023\/06\/20230619_val.png_340208011-1024x1024.png 1024w, https:\/\/agora.xtec.cat\/escolalavilapalamos\/wp-content\/uploads\/usu897\/2023\/06\/20230619_val.png_340208011-150x150.png 150w, https:\/\/agora.xtec.cat\/escolalavilapalamos\/wp-content\/uploads\/usu897\/2023\/06\/20230619_val.png_340208011-768x768.png 768w, https:\/\/agora.xtec.cat\/escolalavilapalamos\/wp-content\/uploads\/usu897\/2023\/06\/20230619_val.png_340208011.png 1400w\" sizes=\"auto, (max-width: 300px) 100vw, 300px\" \/>Aquest estiu <strong>rebreu al vostre correu dos vals de 50\u20ac per bescanviar per material escolar<\/strong>.\u00a0Si el teu fill o filla estudia prim\u00e0ria el curs 2023-2024, ja pots bescanviar el #ValEscolar.<\/p>\n<\/div>\n<div class=\"x11i5rnm xat24cr x1mh8g0r x1vvkbs xtlvy1s x126k92a\">\n<p dir=\"auto\"><span class=\"x3nfvp2 x1j61x8r x1fcty0u xdj266r xhhsvwb xat24cr xgzva0m xxymvpz xlup9mm x1kky2od\"><img loading=\"lazy\" decoding=\"async\" src=\"https:\/\/static.xx.fbcdn.net\/images\/emoji.php\/v9\/t77\/1\/16\/1f3e1.png\" alt=\"\ud83c\udfe1\" width=\"16\" height=\"16\" \/><\/span>Rebr\u00e0s els vals al teu domicili durant els propers dies.<\/p>\n<p dir=\"auto\"><span class=\"x3nfvp2 x1j61x8r x1fcty0u xdj266r xhhsvwb xat24cr xgzva0m xxymvpz xlup9mm x1kky2od\"><img loading=\"lazy\" decoding=\"async\" src=\"https:\/\/static.xx.fbcdn.net\/images\/emoji.php\/v9\/tfc\/1\/16\/1f7e2.png\" alt=\"\ud83d\udfe2\" width=\"16\" height=\"16\" \/><\/span>Activa&#8217;ls a trav\u00e9s del web.<\/p>\n<p dir=\"auto\"><span class=\"x3nfvp2 x1j61x8r x1fcty0u xdj266r xhhsvwb xat24cr xgzva0m xxymvpz xlup9mm x1kky2od\"><img loading=\"lazy\" decoding=\"async\" src=\"https:\/\/static.xx.fbcdn.net\/images\/emoji.php\/v9\/td8\/1\/16\/1f4f2.png\" alt=\"\ud83d\udcf2\" width=\"16\" height=\"16\" \/><\/span>Tota la informaci\u00f3 a <a class=\"x1i10hfl xjbqb8w x6umtig x1b1mbwd xaqea5y xav7gou x9f619 x1ypdohk xt0psk2 xe8uvvx xdj266r x11i5rnm xat24cr x1mh8g0r xexx8yu x4uap5 x18d9i69 xkhd6sd x16tdsg8 x1hl2dhg xggy1nq x1a2a7pz xt0b8zv x1fey0fg\" tabindex=\"0\" role=\"link\" href=\"http:\/\/valescolar.cat\/?fbclid=IwAR1QZ3I8dEzDYvbOKy7M1u2b0JIWOXqJoObSESTGs0870AWhm_b2ugHK_68\" target=\"_blank\" rel=\"nofollow noopener noreferrer\">http:\/\/valescolar.cat<\/a><\/p>\n<p dir=\"auto\"><strong>L&#8217; Escola La Vila i l&#8217; AMPA del centre han arribat a un acord amb la Llibreria Can Romero de Palam\u00f3s (Avinguda Catalunya, 3, 17230 Palam\u00f3s)\u00a0 perqu\u00e8 es pugui bescanviar els vals amb el material que han de portar els alumnes a l&#8217;escola.<\/strong><\/p>\n<p dir=\"auto\">La llibreria Can Romero tindr\u00e0 els llistats de material que necessiten els alumnes de 1r a 6\u00e8 pel curs 23-24. <strong>Caldr\u00e0 anar a buscar aquest material a la llibreria Can Romero els mesos de juliol i agost<\/strong> amb el val de 100\u20ac i bescanviar-lo. El pimer dia d&#8217;escola caldr\u00e0 portar el material a l&#8217;aula. El val de 100\u20ac caduca el 30 de novembre.<\/p>\n<p dir=\"auto\">Properament rebreu la informaci\u00f3 amb la llista de material que necessita cada curs.<\/p>\n<p dir=\"auto\"><strong>Per poder activar els vals necessitareu el n\u00famero d&#8217;identificaci\u00f3 de l&#8217;alumne\/a (IDALU).<\/strong> Aquests n\u00famero el trobareu als informes d&#8217;avaluaci\u00f3 del curs. Si necessiteu informaci\u00f3 podeu trucar a la secretaria del centre 972314344.<\/p>\n<\/div>\n","protected":false},"excerpt":{"rendered":"<p>Aquest estiu rebreu al vostre correu dos vals de 50\u20ac per bescanviar per material escolar.\u00a0Si el teu fill o filla estudia prim\u00e0ria el curs 2023-2024, ja pots bescanviar el #ValEscolar.<\/p>\n<p>Rebr\u00e0s els vals al teu domicili durant els propers dies.<br \/>\nActiva&#8217;ls a trav\u00e9s del web.<br \/>\nTota la informaci\u00f3&hellip;  <a href=\"https:\/\/agora.xtec.cat\/escolalavilapalamos\/general\/val-escolar-de-100e-pels-alumnes-de-primaria\/\" title=\"Read Val escolar de 100\u20ac pels alumnes de Prim\u00e0ria\">Llegeix m\u00e9s\u00bb<\/a><\/p>\n","protected":false},"author":1,"featured_media":13788,"comment_status":"open","ping_status":"closed","sticky":false,"template":"","format":"standard","meta":{"_bbp_topic_count":0,"_bbp_reply_count":0,"_bbp_total_topic_count":0,"_bbp_total_reply_count":0,"_bbp_voice_count":0,"_bbp_anonymous_reply_count":0,"_bbp_topic_count_hidden":0,"_bbp_reply_count_hidden":0,"_bbp_forum_subforum_count":0,"footnotes":""},"categories":[7,1,4],"tags":[],"class_list":["post-13787","post","type-post","status-publish","format-standard","has-post-thumbnail","hentry","category-ampa","category-general","category-portada"],"post_mailing_queue_ids":[],"_links":{"self":[{"href":"https:\/\/agora.xtec.cat\/escolalavilapalamos\/wp-json\/wp\/v2\/posts\/13787","targetHints":{"allow":["GET"]}}],"collection":[{"href":"https:\/\/agora.xtec.cat\/escolalavilapalamos\/wp-json\/wp\/v2\/posts"}],"about":[{"href":"https:\/\/agora.xtec.cat\/escolalavilapalamos\/wp-json\/wp\/v2\/types\/post"}],"author":[{"embeddable":true,"href":"https:\/\/agora.xtec.cat\/escolalavilapalamos\/wp-json\/wp\/v2\/users\/1"}],"replies":[{"embeddable":true,"href":"https:\/\/agora.xtec.cat\/escolalavilapalamos\/wp-json\/wp\/v2\/comments?post=13787"}],"version-history":[{"count":1,"href":"https:\/\/agora.xtec.cat\/escolalavilapalamos\/wp-json\/wp\/v2\/posts\/13787\/revisions"}],"predecessor-version":[{"id":13789,"href":"https:\/\/agora.xtec.cat\/escolalavilapalamos\/wp-json\/wp\/v2\/posts\/13787\/revisions\/13789"}],"wp:featuredmedia":[{"embeddable":true,"href":"https:\/\/agora.xtec.cat\/escolalavilapalamos\/wp-json\/wp\/v2\/media\/13788"}],"wp:attachment":[{"href":"https:\/\/agora.xtec.cat\/escolalavilapalamos\/wp-json\/wp\/v2\/media?parent=13787"}],"wp:term":[{"taxonomy":"category","embeddable":true,"href":"https:\/\/agora.xtec.cat\/escolalavilapalamos\/wp-json\/wp\/v2\/categories?post=13787"},{"taxonomy":"post_tag","embeddable":true,"href":"https:\/\/agora.xtec.cat\/escolalavilapalamos\/wp-json\/wp\/v2\/tags?post=13787"}],"curies":[{"name":"wp","href":"https:\/\/api.w.org\/{rel}","templated":true}]}}